{"id":53598,"date":"2025-04-01T00:17:18","date_gmt":"2025-04-01T06:17:18","guid":{"rendered":"https:\/\/noticiasveracruz.com\/?p=53598"},"modified":"2025-03-31T23:21:19","modified_gmt":"2025-04-01T05:21:19","slug":"secretaria-de-seguridad-de-eu-destaca-la-colaboracion-de-claudia-sheinbaum","status":"publish","type":"post","link":"https:\/\/noticiasveracruz.com\/index.php\/2025\/04\/01\/secretaria-de-seguridad-de-eu-destaca-la-colaboracion-de-claudia-sheinbaum\/","title":{"rendered":"Secretaria de Seguridad de EU destaca la colaboraci\u00f3n de Claudia Sheinbaum"},"content":{"rendered":"<p class=\"nota-justify\">Kristi Noem, secretaria de Seguridad de Estados Unidos, destac\u00f3 la colaboraci\u00f3n de la Presidenta de M\u00e9xico, Claudia Sheinbaum Pardo, en la lucha contra el narcotr\u00e1fico y la crisis de migraci\u00f3n y le sugiri\u00f3 una lista de acciones que le gustar\u00edan al presidente de Estados Unidos, Donald Trump.<\/p>\n<p class=\"nota-justify\">Noem ofreci\u00f3 detalles a Fox News sobre la reuni\u00f3n que tuvo el pasado viernes con la mandataria mexicana en Palacio Nacional.<\/p>\n<p class=\"nota-justify\">A la pregunta del presentador Bret Bier sobre si el gobierno de Sheinbaum est\u00e1 haciendo lo suficiente para derrotar a los c\u00e1rteles del narcotr\u00e1fico, Noam respondi\u00f3:<\/p>\n<p class=\"nota-justify\">\u201cElla ha participado mucho en la frontera sur, pero queremos que asegure su frontera sur con Guatemala. Queremos que nos proporcione m\u00e1s informaci\u00f3n, ya que no escaneamos todos los cargamentos peque\u00f1os que entran en nuestro pa\u00eds por v\u00eda a\u00e9rea. Podr\u00edamos compartir m\u00e1s informaci\u00f3n de chequeos de antecedentes criminales. Le di una lista de cosas que el presidente Trump estar\u00eda muy contento de ver (implementado)\u201d.<\/p>\n<p class=\"nota-justify\">Noam a\u00f1adi\u00f3 que \u201cella fue notable. Se supon\u00eda que iba a ser una reuni\u00f3n de media hora y nos reunimos durante dos horas, muy productiva\u201d.<\/p>\n<p class=\"nota-justify\">A\u00f1adi\u00f3 que a Sheinbaum \u201cle ped\u00ed que comparta informaci\u00f3n biom\u00e9trica con nosotros. Est\u00e1 dispuesta a hablar de ello, aunque en su pa\u00eds ser\u00eda un poco controvertido, refiri\u00e9ndose a informaci\u00f3n de viajeros o migrantes atravesando M\u00e9xico\u201d.<\/p>\n<p class=\"nota-justify\">\u201cElla est\u00e1 haciendo un esfuerzo de buena fe tomando en cuenta la perspectiva del presidente Trump. El presidente no quiere que la gente siga hablando, quiere acci\u00f3n. Ella (Sheinbaum) tiene la oportunidad de hacer algo sobre lo que informar\u00e9 al presidente para ver si podemos abordar mejor la situaci\u00f3n arancelaria a la que se enfrenta su gente\u201d, afirm\u00f3 Noam.<\/p>\n<p class=\"nota-justify\">La entrevista en\u00a0<a href=\"https:\/\/www.foxnews.com\/media\/dhs-secretary-kristi-noem-confident-her-agency-only-removing-criminals-from-us.amp\" target=\"_blank\" rel=\"noopener noreferrer\">https:\/\/www.foxnews.com\/media\/dhs-secretary-kristi-noem-confident-her-agency-only-removing-criminals-from-us.amp<\/a><\/p>\n","protected":false},"excerpt":{"rendered":"<p>Kristi Noem, secretaria de Seguridad de Estados Unidos, destac\u00f3 la colaboraci\u00f3n de la Presidenta de M\u00e9xico, Claudia Sheinbaum Pardo, en<\/p>\n","protected":false},"author":4,"featured_media":53599,"comment_status":"closed","ping_status":"closed","sticky":false,"template":"","format":"standard","meta":{"colormag_page_container_layout":"default_layout","colormag_page_sidebar_layout":"default_layout","_jetpack_memberships_contains_paid_content":false,"footnotes":"","jetpack_publicize_message":"","jetpack_publicize_feature_enabled":true,"jetpack_social_post_already_shared":true,"jetpack_social_options":{"image_generator_settings":{"template":"highway","default_image_id":0,"font":"","enabled":false},"version":2}},"categories":[355],"tags":[],"class_list":["post-53598","post","type-post","status-publish","format-standard","has-post-thumbnail","hentry","category-internacional"],"jetpack_publicize_connections":[],"jetpack_featured_media_url":"https:\/\/noticiasveracruz.com\/wp-content\/uploads\/2025\/03\/GnKqwdUasAAQQZ2-scaled-1.jpg","jetpack_sharing_enabled":true,"publishpress_future_action":{"enabled":false,"date":"2026-05-10 10:52:11","action":"change-status","newStatus":"draft","terms":[],"taxonomy":"category","extraData":[]},"publishpress_future_workflow_manual_trigger":{"enabledWorkflows":[]},"_links":{"self":[{"href":"https:\/\/noticiasveracruz.com\/index.php\/wp-json\/wp\/v2\/posts\/53598","targetHints":{"allow":["GET"]}}],"collection":[{"href":"https:\/\/noticiasveracruz.com\/index.php\/wp-json\/wp\/v2\/posts"}],"about":[{"href":"https:\/\/noticiasveracruz.com\/index.php\/wp-json\/wp\/v2\/types\/post"}],"author":[{"embeddable":true,"href":"https:\/\/noticiasveracruz.com\/index.php\/wp-json\/wp\/v2\/users\/4"}],"replies":[{"embeddable":true,"href":"https:\/\/noticiasveracruz.com\/index.php\/wp-json\/wp\/v2\/comments?post=53598"}],"version-history":[{"count":0,"href":"https:\/\/noticiasveracruz.com\/index.php\/wp-json\/wp\/v2\/posts\/53598\/revisions"}],"wp:featuredmedia":[{"embeddable":true,"href":"https:\/\/noticiasveracruz.com\/index.php\/wp-json\/wp\/v2\/media\/53599"}],"wp:attachment":[{"href":"https:\/\/noticiasveracruz.com\/index.php\/wp-json\/wp\/v2\/media?parent=53598"}],"wp:term":[{"taxonomy":"category","embeddable":true,"href":"https:\/\/noticiasveracruz.com\/index.php\/wp-json\/wp\/v2\/categories?post=53598"},{"taxonomy":"post_tag","embeddable":true,"href":"https:\/\/noticiasveracruz.com\/index.php\/wp-json\/wp\/v2\/tags?post=53598"}],"curies":[{"name":"wp","href":"https:\/\/api.w.org\/{rel}","templated":true}]}}