{"id":53592,"date":"2025-04-01T00:15:27","date_gmt":"2025-04-01T06:15:27","guid":{"rendered":"https:\/\/noticiasveracruz.com\/?p=53592"},"modified":"2025-03-31T23:17:11","modified_gmt":"2025-04-01T05:17:11","slug":"inicia-operaciones-servicio-de-transporte-publico-en-tepoztlan","status":"publish","type":"post","link":"https:\/\/noticiasveracruz.com\/index.php\/2025\/04\/01\/inicia-operaciones-servicio-de-transporte-publico-en-tepoztlan\/","title":{"rendered":"Inicia operaciones servicio de transporte p\u00fablico en Tepoztl\u00e1n"},"content":{"rendered":"<p class=\"nota-justify\">Despu\u00e9s de dos a\u00f1os y tres meses que los habitantes de la comunidad ind\u00edgena de San Juan Tlacotenco, Tepoztl\u00e1n, no contaban con el servicio de transporte p\u00fablico, este lunes, inici\u00f3 operaciones la empresa Mi Bus de Grupo Pullman de Morelos, como lo demandaban los habitantes de esta comunidad.<\/p>\n<p class=\"nota-justify\">De acuerdo con los pobladores, as\u00ed como el propio gobierno del estado, esta ma\u00f1ana la gobernadora, Margarita Gonz\u00e1lez, y el coordinador de transporte en el estado de Morelos, Jorge Barrera Toledo, encabezaron en esa comunidad ubicada al norte del centro de Tepoztl\u00e1n, las operaciones de dichos camiones que cubrir\u00e1n la ruta: San Juan Tlacotenco-Cuernavaca.<\/p>\n<p class=\"nota-justify\">\u201cLa gobernadora Margarita Gonz\u00e1lez Saravia acudi\u00f3 al poblado de San Juan Tlacotenco, donde, como parte de las acciones para hacer prevalecer el derecho a la movilidad y en apoyo a la econom\u00eda de las y los ciudadanos, encabez\u00f3 el arranque de operaciones de la Ruta de Transporte San Juan Tlacotenco-Cuernavaca con la empresa Mi Bus de Grupo Pullman\u201d, informaron.<\/p>\n<p class=\"nota-justify\">Por su parte, los pobladores, confirmaron la llegada de este transporte p\u00fablico que los transportar\u00e1 de su comunidad a Cuernavaca.<\/p>\n<p class=\"nota-justify\">A principios de este mes, Celia Alvarado Morales, Elodia Alvarado Arenas y Quirino Palma \u00e9ste \u00faltimo el ayudante municipal de esta comunidad, en entrevista con<i>\u00a0La Jornada,<\/i>\u00a0recordaron que el transporte que antes les brindaba un servicio colectivo de la empresa denominada Ometochtli, pero despu\u00e9s de que una de sus unidades \u201cviejas\u201d se accident\u00f3 el 13 de noviembre del 2021, mismo que dej\u00f3 un saldo de 18 lesionados, de estos cinco de gravedad sin pagarles gastos m\u00e9dicos; por asamblea, decidieron que esta empresa no continuar\u00eda d\u00e1ndoles el servicio de transporte p\u00fablico.<\/p>\n<p class=\"nota-justify\">Durante este tiempo que han estado sin transporte p\u00fablico, aseguraron que esta situaci\u00f3n, les afectaba mucho su econom\u00eda, porque de 10 pesos que pagaban antes de pasaje a la cabecera de Tepoztl\u00e1n, estaban pagando entre 20 y 15 pesos; y de su pueblo a Cuernavaca antes pagaban 32 pesos; pero estaban pagando 52 pesos aproximadamente, en \u201clas unidades particulares\u201d que los estaban trasladando cada d\u00eda. Ahora, la empresa Mi Bus les cobrar\u00e1, seg\u00fan habitantes,10 pesos a Tepoztl\u00e1n, y 32 pesos a Cuernavaca, como estaba antes el costo del pasaje.<\/p>\n<p class=\"nota-justify\">Esta comunidad ind\u00edgena, se integra por unos 3 mil habitantes, y el servicio de transporte colectivo es apremiante para las familias de esta comunidad, o al menos para un integrante, ya que casi diario van al mercado central de Cuernavaca a vender sus nopales y otras hortalizas que producen, tambi\u00e9n llevan a vender sus frutas y flores, que se dan en su pueblo, como zarzas, duraznos, y agapandos, nubes y gladiolas. Tambi\u00e9n, varios j\u00f3venes van a estudiar la preparatoria o licenciatura a la capital del estado.<\/p>\n","protected":false},"excerpt":{"rendered":"<p>Despu\u00e9s de dos a\u00f1os y tres meses que los habitantes de la comunidad ind\u00edgena de San Juan Tlacotenco, Tepoztl\u00e1n, no<\/p>\n","protected":false},"author":4,"featured_media":53593,"comment_status":"closed","ping_status":"closed","sticky":false,"template":"","format":"standard","meta":{"colormag_page_container_layout":"default_layout","colormag_page_sidebar_layout":"default_layout","_jetpack_memberships_contains_paid_content":false,"footnotes":"","jetpack_publicize_message":"","jetpack_publicize_feature_enabled":true,"jetpack_social_post_already_shared":true,"jetpack_social_options":{"image_generator_settings":{"template":"highway","default_image_id":0,"font":"","enabled":false},"version":2}},"categories":[145],"tags":[],"class_list":["post-53592","post","type-post","status-publish","format-standard","has-post-thumbnail","hentry","category-estados"],"jetpack_publicize_connections":[],"jetpack_featured_media_url":"https:\/\/noticiasveracruz.com\/wp-content\/uploads\/2025\/03\/TEPO.jpg","jetpack_sharing_enabled":true,"publishpress_future_action":{"enabled":false,"date":"2026-05-10 08:41:23","action":"change-status","newStatus":"draft","terms":[],"taxonomy":"category","extraData":[]},"publishpress_future_workflow_manual_trigger":{"enabledWorkflows":[]},"_links":{"self":[{"href":"https:\/\/noticiasveracruz.com\/index.php\/wp-json\/wp\/v2\/posts\/53592","targetHints":{"allow":["GET"]}}],"collection":[{"href":"https:\/\/noticiasveracruz.com\/index.php\/wp-json\/wp\/v2\/posts"}],"about":[{"href":"https:\/\/noticiasveracruz.com\/index.php\/wp-json\/wp\/v2\/types\/post"}],"author":[{"embeddable":true,"href":"https:\/\/noticiasveracruz.com\/index.php\/wp-json\/wp\/v2\/users\/4"}],"replies":[{"embeddable":true,"href":"https:\/\/noticiasveracruz.com\/index.php\/wp-json\/wp\/v2\/comments?post=53592"}],"version-history":[{"count":0,"href":"https:\/\/noticiasveracruz.com\/index.php\/wp-json\/wp\/v2\/posts\/53592\/revisions"}],"wp:featuredmedia":[{"embeddable":true,"href":"https:\/\/noticiasveracruz.com\/index.php\/wp-json\/wp\/v2\/media\/53593"}],"wp:attachment":[{"href":"https:\/\/noticiasveracruz.com\/index.php\/wp-json\/wp\/v2\/media?parent=53592"}],"wp:term":[{"taxonomy":"category","embeddable":true,"href":"https:\/\/noticiasveracruz.com\/index.php\/wp-json\/wp\/v2\/categories?post=53592"},{"taxonomy":"post_tag","embeddable":true,"href":"https:\/\/noticiasveracruz.com\/index.php\/wp-json\/wp\/v2\/tags?post=53592"}],"curies":[{"name":"wp","href":"https:\/\/api.w.org\/{rel}","templated":true}]}}