{"id":53583,"date":"2025-04-01T00:12:03","date_gmt":"2025-04-01T06:12:03","guid":{"rendered":"https:\/\/noticiasveracruz.com\/?p=53583"},"modified":"2025-03-31T22:49:01","modified_gmt":"2025-04-01T04:49:01","slug":"poco-probable-que-haya-crisis-economica-en-mexico-ubs","status":"publish","type":"post","link":"https:\/\/noticiasveracruz.com\/index.php\/2025\/04\/01\/poco-probable-que-haya-crisis-economica-en-mexico-ubs\/","title":{"rendered":"Poco probable que haya crisis econ\u00f3mica en M\u00e9xico: UBS"},"content":{"rendered":"<p class=\"nota-justify\">M\u00e9xico podr\u00eda experimentar una desaceleraci\u00f3n econ\u00f3mica o incluso una contracci\u00f3n este 2025 producto de los aranceles que pretende implementar el presidente de Estados Unidos, Donald Trump; sin embargo, es poco probable que se produzca una crisis econ\u00f3mica o financiera, asegur\u00f3 el banco suizo UBS.<\/p>\n<p class=\"nota-justify\">En un reporte el banco de inversi\u00f3n destac\u00f3 que a diferencia de crisis anteriores, M\u00e9xico tiene un peque\u00f1o d\u00e9ficit de cuenta corriente, una baja dependencia de la deuda externa, un tipo de cambio flexible, un banco central independiente con fuertes reservas y un sistema bancario s\u00f3lido.<\/p>\n<p class=\"nota-justify\">No obstante, aclar\u00f3 la instituci\u00f3n financiera, las preocupaciones sobre que M\u00e9xico entre en recesi\u00f3n en 2025, se han intensificado.<\/p>\n<p class=\"nota-justify\">\u201cNuestro pron\u00f3stico de crecimiento del PIB para todo el a\u00f1o en realidad refleja la expectativa de un crecimiento pr\u00e1cticamente nulo. Sin embargo, es fundamental diferenciar entre una recesi\u00f3n c\u00edclica y una crisis econ\u00f3mica y financiera en toda su extensi\u00f3n\u201d, se\u00f1al\u00f3.<\/p>\n<p class=\"nota-justify\">Explic\u00f3 que los economistas suelen definir una recesi\u00f3n como dos trimestres consecutivos de crecimiento econ\u00f3mico negativo durante los cuales las empresas tienen dificultades, los consumidores limitan su gasto y la din\u00e1mica del mercado laboral tiende a debilitarse.<\/p>\n<p class=\"nota-justify\">Una crisis, sin embargo, es mucho m\u00e1s severa y en los mercados emergentes hist\u00f3ricamente ha implicado el colapso del sistema financiero, una fuerte devaluaci\u00f3n de la moneda y una incapacidad de cumplir con las obligaciones de deuda corporativa y soberana.<\/p>\n","protected":false},"excerpt":{"rendered":"<p>M\u00e9xico podr\u00eda experimentar una desaceleraci\u00f3n econ\u00f3mica o incluso una contracci\u00f3n este 2025 producto de los aranceles que pretende implementar el<\/p>\n","protected":false},"author":4,"featured_media":53584,"comment_status":"closed","ping_status":"closed","sticky":false,"template":"","format":"standard","meta":{"colormag_page_container_layout":"default_layout","colormag_page_sidebar_layout":"default_layout","_jetpack_memberships_contains_paid_content":false,"footnotes":"","jetpack_publicize_message":"","jetpack_publicize_feature_enabled":true,"jetpack_social_post_already_shared":true,"jetpack_social_options":{"image_generator_settings":{"template":"highway","default_image_id":0,"font":"","enabled":false},"version":2}},"categories":[1947],"tags":[],"class_list":["post-53583","post","type-post","status-publish","format-standard","has-post-thumbnail","hentry","category-economia"],"jetpack_publicize_connections":[],"jetpack_featured_media_url":"https:\/\/noticiasveracruz.com\/wp-content\/uploads\/2025\/03\/UBS.jpg","jetpack_sharing_enabled":true,"publishpress_future_action":{"enabled":false,"date":"2026-05-08 03:27:29","action":"change-status","newStatus":"draft","terms":[],"taxonomy":"category","extraData":[]},"publishpress_future_workflow_manual_trigger":{"enabledWorkflows":[]},"_links":{"self":[{"href":"https:\/\/noticiasveracruz.com\/index.php\/wp-json\/wp\/v2\/posts\/53583","targetHints":{"allow":["GET"]}}],"collection":[{"href":"https:\/\/noticiasveracruz.com\/index.php\/wp-json\/wp\/v2\/posts"}],"about":[{"href":"https:\/\/noticiasveracruz.com\/index.php\/wp-json\/wp\/v2\/types\/post"}],"author":[{"embeddable":true,"href":"https:\/\/noticiasveracruz.com\/index.php\/wp-json\/wp\/v2\/users\/4"}],"replies":[{"embeddable":true,"href":"https:\/\/noticiasveracruz.com\/index.php\/wp-json\/wp\/v2\/comments?post=53583"}],"version-history":[{"count":0,"href":"https:\/\/noticiasveracruz.com\/index.php\/wp-json\/wp\/v2\/posts\/53583\/revisions"}],"wp:featuredmedia":[{"embeddable":true,"href":"https:\/\/noticiasveracruz.com\/index.php\/wp-json\/wp\/v2\/media\/53584"}],"wp:attachment":[{"href":"https:\/\/noticiasveracruz.com\/index.php\/wp-json\/wp\/v2\/media?parent=53583"}],"wp:term":[{"taxonomy":"category","embeddable":true,"href":"https:\/\/noticiasveracruz.com\/index.php\/wp-json\/wp\/v2\/categories?post=53583"},{"taxonomy":"post_tag","embeddable":true,"href":"https:\/\/noticiasveracruz.com\/index.php\/wp-json\/wp\/v2\/tags?post=53583"}],"curies":[{"name":"wp","href":"https:\/\/api.w.org\/{rel}","templated":true}]}}