{"id":53580,"date":"2025-04-01T00:11:01","date_gmt":"2025-04-01T06:11:01","guid":{"rendered":"https:\/\/noticiasveracruz.com\/?p=53580"},"modified":"2025-03-31T22:46:54","modified_gmt":"2025-04-01T04:46:54","slug":"la-ue-debe-responder-a-aranceles-de-trump-con-fuerza-francia","status":"publish","type":"post","link":"https:\/\/noticiasveracruz.com\/index.php\/2025\/04\/01\/la-ue-debe-responder-a-aranceles-de-trump-con-fuerza-francia\/","title":{"rendered":"La UE debe responder a aranceles de Trump con fuerza: Francia"},"content":{"rendered":"<p class=\"nota-justify\">Frente a una nueva oleada de medidas arancelarias que el presidente de Estados Unidos, Donald Trump, anunciar\u00e1 este 2 de abril, la Uni\u00f3n Europea debe responder \u201cal mismo nivel\u201d y \u201cunida\u201d, sin importar que algunos pa\u00edses se vean en mayor o en menor medida afectados en una industria espec\u00edfica. \u201cS\u00f3lo as\u00ed puede participar en una lucha de fuerzas que est\u00e9 a la altura de su poder\u201d, destac\u00f3 el ministro delegado de Comercio Exterior y Franceses en el Extranjero, Laurent Saint-Martin.<\/p>\n<p class=\"nota-justify\">\u201cFrancia y la Uni\u00f3n Europea no quieren guerras comerciales. Es nefasto para todas las partes interesadas, empezando para aquellos que inician la guerra, en este caso Estados Unidos (\u2026). No hay un solo valor agregado positivo en una alguna guerra comercial, que no tenga como efecto inflaci\u00f3n, recesi\u00f3n, desv\u00edo de las rutas comerciales y un desequilibrio del orden econ\u00f3mico y comercial mundial, que tendr\u00eda como resultado que todos perdamos\u201d, enfatiz\u00f3 en entrevista con La Jornada.<\/p>\n<p class=\"nota-justify\">Durante la primera visita ministerial francesa a M\u00e9xico bajo el mandato de Claudia Sheinbaum \u2013que coincidi\u00f3 con la orden ejecutiva de la administraci\u00f3n Trump para imponer cuotas a las importaciones de veh\u00edculos hacia Estados Unidos y la antesala de todo el plan arancelario, el pr\u00f3ximo 2 de abril\u2013, Saint-Martin explic\u00f3 que independientemente de c\u00f3mo se vea afectado cada pa\u00eds de la Uni\u00f3n Europea, la capacidad de respuesta es exclusiva del bloque.<\/p>\n<p class=\"nota-justify\">\u201cCada pa\u00eds no puede y no debe responder a los Estados Unidos de manera bilateral, esa es la trampa en la que no hay que caer\u201d, acentu\u00f3. La r\u00e9plica de la Uni\u00f3n Europea \u2013coordinada por el comisario de Comercio, Maros Sefcovic\u2013 mucho depender\u00e1 de lo que efectivamente entre en vigor el 2 de abril y \u201cEuropa va a tener que responder al mismo nivel\u201d, pero sin descuidar a las empresas del bloque que trabajan fuera de la regi\u00f3n.<\/p>\n<p class=\"nota-justify\">Las medidas hasta ahora anunciadas por la administraci\u00f3n Trump impactan de manera directa a las industrias automotriz y farmac\u00e9utica, que son la segunda y tercera m\u00e1s importantes del sector exportador franc\u00e9s. Fuera del bloque, el principal socio comercial de Francia es Estados Unidos.<\/p>\n<p class=\"nota-justify\">Saint-Martin declar\u00f3 que este escenario no es totalmente nuevo. Durante el primer mandato de Trump se impusieron aranceles de 25 por ciento al acero y aluminio y la Uni\u00f3n Europea respondi\u00f3 con cuotas muy espec\u00edficas a productos importantes para Estados Unidos y que ten\u00edan un impacto pol\u00edtico.<\/p>\n<p class=\"nota-justify\">\u201cEso no nos impide tener un di\u00e1logo con la administraci\u00f3n de Trump, como lo estoy haciendo ahora, como lo est\u00e1n haciendo los otros pa\u00edses europeos. Al final vamos a defender siempre una agenda positiva con Estados Unidos. Son aliados, son amigos hist\u00f3ricos, tenemos fuertes relaciones comerciales bilaterales y no estamos de acuerdo en la orientaci\u00f3n que han tomado las cuestiones comerciales. Si creemos en dar respuesta a aranceles que consideremos injustificados, lo haremos\u201d, coment\u00f3.<\/p>\n<p class=\"nota-justify\">El mantener la relaci\u00f3n con los \u201camigos hist\u00f3ricos\u201d, no implica dejar de lado las lecciones derivadas de las tensiones comerciales de la \u00faltima d\u00e9cada. \u201cNunca hay que depender de un mercado demasiado grande\u201d, aclar\u00f3 Saint-Martin, a pregunta de si el episodio actual implica ver otros aliados comerciales, o mercados, como China y Rusia.<\/p>\n<p class=\"nota-justify\">\u201cTenemos sectores europeos que dependen demasiado de Estados Unidos y de China. El trabajo que estamos llevando a cabo en el gobierno y el ministerio de comercio exterior es acompa\u00f1ar a nuestras empresas francesas para que puedan diversificar sus alianzas comerciales y las salidas para sus productos.<\/p>\n<p class=\"nota-justify\">Para eso necesitamos contar con pa\u00edses que tienen intereses comunes; que compartan los mismos valores: multilateralismo, respeto del derecho internacional, prioridad a sectores econ\u00f3micos comunes. Resulta que M\u00e9xico es t\u00edpicamente un pa\u00eds que tiene estas caracter\u00edsticas\u201d.<\/p>\n<p class=\"nota-justify\">El comercio bilateral con Francia creci\u00f3 5.3 por ciento el a\u00f1o pasado, pero todo estuvo recargado en mayores compras de M\u00e9xico hacia el pa\u00eds europeo, al tiempo que se registr\u00f3 una desinversi\u00f3n de 804 millones de d\u00f3lares por parte de las empresas francesas que operan en territorio mexicano. \u201cQueremos que aumenten ambas cosas\u201d, apunt\u00f3 Saint-Martin.<\/p>\n<p class=\"nota-justify\">Como parte del impulso a las inversiones cruzadas, asegur\u00f3 que la modernizaci\u00f3n de un tratado comercial entre la Uni\u00f3n Europea y M\u00e9xico es prioridad, adem\u00e1s que el Plan M\u00e9xico de la presidenta Sheinbaum tiene mucha semejanza con el Plan Francia 20230 del presidente Emmanuel Macron.<\/p>\n<p class=\"nota-justify\">De ah\u00ed que las empresas francesas con los conocimientos pr\u00e1cticos y experiencia en sectores como la energ\u00eda, el agua, la aeron\u00e1utica y los cosm\u00e9ticos tienen un espacio en los a\u00f1os y d\u00e9cadas venideras para invertir en M\u00e9xico, no s\u00f3lo para vender en el mercado local, \u201cque es importante\u201d.<\/p>\n<p class=\"nota-justify\">\u201cTambi\u00e9n lo pueden hacer en funci\u00f3n de la evoluci\u00f3n con los Estados Unidos para el mercado norteamericano o global y tambi\u00e9n lo pueden hacer como una inversi\u00f3n en este centro (M\u00e9xico), que es la encrucijada de Am\u00e9rica Latina para otros pa\u00edses\u201d, sostuvo el funcionario del gobierno franc\u00e9s.<\/p>\n<p class=\"nota-justify\">En la primera visita ministerial francesa en el mandato de la presidenta Sheinbaum, Saint-Martin se reuni\u00f3 con Julio Berdegu\u00e9, secretario de Agricultura y Desarrollo Rural, sobre c\u00f3mo facilitar el comercio agr\u00edcola entre ambos pa\u00edses; con el canciller Juan Ram\u00f3n de la Fuente; con el subsecretario de Industria y Comercio de la Secretar\u00eda de Econom\u00eda, Vidal Llerenas; as\u00ed como con consejeros de comercio exterior de todo el continente y empresarios, como Carlos Slim.<\/p>\n<p class=\"nota-justify\">\u201cMe voy con la certidumbre de que tenemos mucho m\u00e1s en com\u00fan que lo que imaginamos. Tenemos una agenda bilateral a desarrollar entre Francia y M\u00e9xico, que puede enriquecer mucho a nuestros dos pa\u00edses\u201d.<\/p>\n","protected":false},"excerpt":{"rendered":"<p>Frente a una nueva oleada de medidas arancelarias que el presidente de Estados Unidos, Donald Trump, anunciar\u00e1 este 2 de<\/p>\n","protected":false},"author":4,"featured_media":53581,"comment_status":"closed","ping_status":"closed","sticky":false,"template":"","format":"standard","meta":{"colormag_page_container_layout":"default_layout","colormag_page_sidebar_layout":"default_layout","_jetpack_memberships_contains_paid_content":false,"footnotes":"","jetpack_publicize_message":"","jetpack_publicize_feature_enabled":true,"jetpack_social_post_already_shared":true,"jetpack_social_options":{"image_generator_settings":{"template":"highway","default_image_id":0,"font":"","enabled":false},"version":2}},"categories":[1947],"tags":[],"class_list":["post-53580","post","type-post","status-publish","format-standard","has-post-thumbnail","hentry","category-economia"],"jetpack_publicize_connections":[],"jetpack_featured_media_url":"https:\/\/noticiasveracruz.com\/wp-content\/uploads\/2025\/03\/COMEX.jpg","jetpack_sharing_enabled":true,"publishpress_future_action":{"enabled":false,"date":"2026-05-08 03:24:15","action":"change-status","newStatus":"draft","terms":[],"taxonomy":"category","extraData":[]},"publishpress_future_workflow_manual_trigger":{"enabledWorkflows":[]},"_links":{"self":[{"href":"https:\/\/noticiasveracruz.com\/index.php\/wp-json\/wp\/v2\/posts\/53580","targetHints":{"allow":["GET"]}}],"collection":[{"href":"https:\/\/noticiasveracruz.com\/index.php\/wp-json\/wp\/v2\/posts"}],"about":[{"href":"https:\/\/noticiasveracruz.com\/index.php\/wp-json\/wp\/v2\/types\/post"}],"author":[{"embeddable":true,"href":"https:\/\/noticiasveracruz.com\/index.php\/wp-json\/wp\/v2\/users\/4"}],"replies":[{"embeddable":true,"href":"https:\/\/noticiasveracruz.com\/index.php\/wp-json\/wp\/v2\/comments?post=53580"}],"version-history":[{"count":0,"href":"https:\/\/noticiasveracruz.com\/index.php\/wp-json\/wp\/v2\/posts\/53580\/revisions"}],"wp:featuredmedia":[{"embeddable":true,"href":"https:\/\/noticiasveracruz.com\/index.php\/wp-json\/wp\/v2\/media\/53581"}],"wp:attachment":[{"href":"https:\/\/noticiasveracruz.com\/index.php\/wp-json\/wp\/v2\/media?parent=53580"}],"wp:term":[{"taxonomy":"category","embeddable":true,"href":"https:\/\/noticiasveracruz.com\/index.php\/wp-json\/wp\/v2\/categories?post=53580"},{"taxonomy":"post_tag","embeddable":true,"href":"https:\/\/noticiasveracruz.com\/index.php\/wp-json\/wp\/v2\/tags?post=53580"}],"curies":[{"name":"wp","href":"https:\/\/api.w.org\/{rel}","templated":true}]}}