{"id":53577,"date":"2025-04-01T00:10:03","date_gmt":"2025-04-01T06:10:03","guid":{"rendered":"https:\/\/noticiasveracruz.com\/?p=53577"},"modified":"2025-03-31T22:44:47","modified_gmt":"2025-04-01T04:44:47","slug":"genera-aire-contaminado-perdidas-por-5-del-pib-mundial","status":"publish","type":"post","link":"https:\/\/noticiasveracruz.com\/index.php\/2025\/04\/01\/genera-aire-contaminado-perdidas-por-5-del-pib-mundial\/","title":{"rendered":"Genera aire contaminado p\u00e9rdidas por 5% del PIB mundial"},"content":{"rendered":"<p class=\"nota-justify\">La contaminaci\u00f3n del aire mata a aproximadamente 5.7 millones de personas al a\u00f1o, y representa una p\u00e9rdida equivalente a casi 5 por ciento del producto interno bruto (PIB) global debido a sus impactos en la salud, la p\u00e9rdida de productividad y la reducci\u00f3n de la esperanza de vida, inform\u00f3 el Banco Mundial.<\/p>\n<p class=\"nota-justify\">El 95\u202fpor ciento de las personas que pierden la vida por el aire contaminado habita en pa\u00edses de ingreso bajo y mediano, seg\u00fan el informe\u00a0<i>Acelerar el acceso al aire limpio en pos de un planeta habitable<\/i>, de la instituci\u00f3n financiera.<\/p>\n<p class=\"nota-justify\">\u201cEl n\u00famero de personas expuestas a un nivel peligrosamente elevado de contaminaci\u00f3n podr\u00eda reducirse a la mitad para 2040 si se adoptan medidas normativas espec\u00edficas\u201d, determin\u00f3.<\/p>\n<p class=\"nota-justify\">Plante\u00f3 que si se modifican las pol\u00edticas, se puede reducir el n\u00famero de personas expuestas a altos niveles de PM2.5 (material particulado fino de 2.5 micr\u00f3metros de di\u00e1metro o menos).<\/p>\n<p class=\"nota-justify\">A nivel mundial, la mayor parte de la contaminaci\u00f3n atmosf\u00e9rica proviene de las actividades humanas, por lo que la reforma de las pol\u00edticas referidas a los sectores que la provocan, como la agricultura, el desarrollo urbano, el transporte y la industria, as\u00ed como las formas residenciales de cocinar y calefaccionar, puede ayudar a reducir la presencia en el aire de material particulado nocivo para la salud.<\/p>\n<p class=\"nota-justify\">En algunas regiones, el polvo que proviene del desierto constituye una fuente significativa de material particulado fino.<\/p>\n<p class=\"nota-justify\">\u201cMejorar la calidad del aire es un imperativo sanitario y econ\u00f3mico urgente\u201d, afirm\u00f3 Axel van Trotsenburg, director gerente s\u00e9nior del Banco Mundial.<\/p>\n<p class=\"nota-justify\">\u201cLo bueno es que tenemos las soluciones a nuestro alcance. Si nos centramos en los sectores en los que se puede generar mayor impacto y sacamos provecho de un liderazgo, datos y financiamiento s\u00f3lidos, podremos lograr un aire m\u00e1s limpio y saludable en el transcurso de nuestra vida\u201d.<\/p>\n<p class=\"nota-justify\">Las pol\u00edticas orientadas a lograr objetivos m\u00faltiples, por ejemplo, respaldar la independencia energ\u00e9tica o bajar las emisiones, junto con medidas para reducir la contaminaci\u00f3n del aire, pueden representar un enfoque eficiente y eficaz en funci\u00f3n de los costos para abordar este problema.<\/p>\n<p class=\"nota-justify\">Los beneficios econ\u00f3micos estimados de las pol\u00edticas de gesti\u00f3n integrada de la contaminaci\u00f3n podr\u00edan llegar a 2.4\u202fbillones de d\u00f3lares para\u202f2040. Adem\u00e1s, para encarar este tema con eficacia es esencial la cooperaci\u00f3n entre cuencas atmosf\u00e9ricas, que son las grandes zonas transfronterizas por donde se mueve el aire contaminado.<\/p>\n<p class=\"nota-justify\">En el informe se describen tres prioridades que los responsables de formular pol\u00edticas pueden adoptar para garantizar el aire limpio: fortalecer la gesti\u00f3n, mejorar la disponibilidad de datos sobre la calidad del aire y complementar los recursos p\u00fablicos con inversiones privadas.<\/p>\n","protected":false},"excerpt":{"rendered":"<p>La contaminaci\u00f3n del aire mata a aproximadamente 5.7 millones de personas al a\u00f1o, y representa una p\u00e9rdida equivalente a casi<\/p>\n","protected":false},"author":4,"featured_media":53578,"comment_status":"closed","ping_status":"closed","sticky":false,"template":"","format":"standard","meta":{"colormag_page_container_layout":"default_layout","colormag_page_sidebar_layout":"default_layout","_jetpack_memberships_contains_paid_content":false,"footnotes":"","jetpack_publicize_message":"","jetpack_publicize_feature_enabled":true,"jetpack_social_post_already_shared":true,"jetpack_social_options":{"image_generator_settings":{"template":"highway","default_image_id":0,"font":"","enabled":false},"version":2}},"categories":[1947],"tags":[],"class_list":["post-53577","post","type-post","status-publish","format-standard","has-post-thumbnail","hentry","category-economia"],"jetpack_publicize_connections":[],"jetpack_featured_media_url":"https:\/\/noticiasveracruz.com\/wp-content\/uploads\/2025\/03\/contaminacion-1000x521-1.jpg","jetpack_sharing_enabled":true,"publishpress_future_action":{"enabled":false,"date":"2026-05-10 03:43:41","action":"change-status","newStatus":"draft","terms":[],"taxonomy":"category","extraData":[]},"publishpress_future_workflow_manual_trigger":{"enabledWorkflows":[]},"_links":{"self":[{"href":"https:\/\/noticiasveracruz.com\/index.php\/wp-json\/wp\/v2\/posts\/53577","targetHints":{"allow":["GET"]}}],"collection":[{"href":"https:\/\/noticiasveracruz.com\/index.php\/wp-json\/wp\/v2\/posts"}],"about":[{"href":"https:\/\/noticiasveracruz.com\/index.php\/wp-json\/wp\/v2\/types\/post"}],"author":[{"embeddable":true,"href":"https:\/\/noticiasveracruz.com\/index.php\/wp-json\/wp\/v2\/users\/4"}],"replies":[{"embeddable":true,"href":"https:\/\/noticiasveracruz.com\/index.php\/wp-json\/wp\/v2\/comments?post=53577"}],"version-history":[{"count":0,"href":"https:\/\/noticiasveracruz.com\/index.php\/wp-json\/wp\/v2\/posts\/53577\/revisions"}],"wp:featuredmedia":[{"embeddable":true,"href":"https:\/\/noticiasveracruz.com\/index.php\/wp-json\/wp\/v2\/media\/53578"}],"wp:attachment":[{"href":"https:\/\/noticiasveracruz.com\/index.php\/wp-json\/wp\/v2\/media?parent=53577"}],"wp:term":[{"taxonomy":"category","embeddable":true,"href":"https:\/\/noticiasveracruz.com\/index.php\/wp-json\/wp\/v2\/categories?post=53577"},{"taxonomy":"post_tag","embeddable":true,"href":"https:\/\/noticiasveracruz.com\/index.php\/wp-json\/wp\/v2\/tags?post=53577"}],"curies":[{"name":"wp","href":"https:\/\/api.w.org\/{rel}","templated":true}]}}