{"id":53570,"date":"2025-04-01T00:04:19","date_gmt":"2025-04-01T06:04:19","guid":{"rendered":"https:\/\/noticiasveracruz.com\/?p=53570"},"modified":"2025-03-31T22:39:04","modified_gmt":"2025-04-01T04:39:04","slug":"recibe-senado-iniciativa-de-reforma-en-materia-de-desaparicion-de-personas","status":"publish","type":"post","link":"https:\/\/noticiasveracruz.com\/index.php\/2025\/04\/01\/recibe-senado-iniciativa-de-reforma-en-materia-de-desaparicion-de-personas\/","title":{"rendered":"Recibe Senado iniciativa de reforma en materia de desaparici\u00f3n de personas"},"content":{"rendered":"<p class=\"nota-justify\">El Senado recibi\u00f3 esta tarde la iniciativa de reforma en materia de desaparici\u00f3n de personas que la semana pasada anunci\u00f3 la presidenta Claudia Sheinbaum.<\/p>\n<p class=\"nota-justify\">El documento plantea modificar la Ley General en Materia de Desaparici\u00f3n forzada de Personas, Desaparici\u00f3n Cometida por Particulares y del Sistema Nacional de B\u00fasqueda de Personas, as\u00ed como la Ley General de Poblaci\u00f3n.<\/p>\n<p class=\"nota-justify\">En la exposici\u00f3n de motivos, se se\u00f1ala que en el pasado, durante la guerra sucia, la desaparici\u00f3n forzada era perpetrada por agentes del Estado. En la actualidad la comisi\u00f3n de ese delito ha mutado y ahora la desaparici\u00f3n est\u00e1 vinculada con la delincuencia organizada y particulares.<\/p>\n<p class=\"nota-justify\">Por ello, se destaca, que es imprescindible la actuaci\u00f3n inmediata de las autoridades, para que desde las primeras horas ordenen medidas dirigidas a la determinaci\u00f3n del paradero de las v\u00edctimas o el lugar donde puedan encontrarse, las cuales deben partir de la presunci\u00f3n de vida de la persona desaparecida, hasta llegar a un resultado determinante sobre su situaci\u00f3n, el cual debe incluir una investigaci\u00f3n exhaustiva.<\/p>\n<p class=\"nota-justify\">A la legislaci\u00f3n sobre desaparici\u00f3n forzada, se le incorpora la Plataforma \u00danica de Identidad, la cual ser\u00e1 una herramienta que facilite la b\u00fasqueda y localizaci\u00f3n de personas, que se conectar\u00e1 con diversas bases de datos, como el Registro Nacional de Personas Desaparecidas, el Banco Nacional de Datos Forenses y registros administrativos. Esto permitir\u00e1 realizar b\u00fasquedas continuas y exhaustivas, optimizando los recursos disponibles en la b\u00fasqueda de personas, mediante la Clave \u00danica de Registro de Poblaci\u00f3n (CURP).<\/p>\n<p class=\"nota-justify\">La CURP se convertir\u00e1 en elemento base de identificaci\u00f3n de las personas, se menciona. La capacidad de monitorear esta clave en tiempo real es fundamental para detectar y actuar r\u00e1pidamente ante posibles casos de desaparici\u00f3n, lo que refuerza la capacidad de respuesta de las autoridades ante situaciones cr\u00edticas. Por ello, es fundamental la habilitaci\u00f3n de accesos para Fiscal\u00edas y Comisiones de B\u00fasqueda a dicha plataforma, pues esto garantizar\u00e1 que las entidades responsables cuenten con la informaci\u00f3n necesaria para llevar a cabo sus labores de manera efectiva, al mismo tiempo que promueve la colaboraci\u00f3n entre entes p\u00fablicos y privados, se menciona en la propuesta presidencial.<\/p>\n","protected":false},"excerpt":{"rendered":"<p>El Senado recibi\u00f3 esta tarde la iniciativa de reforma en materia de desaparici\u00f3n de personas que la semana pasada anunci\u00f3<\/p>\n","protected":false},"author":4,"featured_media":53571,"comment_status":"closed","ping_status":"closed","sticky":false,"template":"","format":"standard","meta":{"colormag_page_container_layout":"default_layout","colormag_page_sidebar_layout":"default_layout","_jetpack_memberships_contains_paid_content":false,"footnotes":"","jetpack_publicize_message":"","jetpack_publicize_feature_enabled":true,"jetpack_social_post_already_shared":true,"jetpack_social_options":{"image_generator_settings":{"template":"highway","default_image_id":0,"font":"","enabled":false},"version":2}},"categories":[4],"tags":[],"class_list":["post-53570","post","type-post","status-publish","format-standard","has-post-thumbnail","hentry","category-nacional"],"jetpack_publicize_connections":[],"jetpack_featured_media_url":"https:\/\/noticiasveracruz.com\/wp-content\/uploads\/2025\/03\/595664_55x.jpg","jetpack_sharing_enabled":true,"publishpress_future_action":{"enabled":false,"date":"2026-05-08 07:03:51","action":"change-status","newStatus":"draft","terms":[],"taxonomy":"category","extraData":[]},"publishpress_future_workflow_manual_trigger":{"enabledWorkflows":[]},"_links":{"self":[{"href":"https:\/\/noticiasveracruz.com\/index.php\/wp-json\/wp\/v2\/posts\/53570","targetHints":{"allow":["GET"]}}],"collection":[{"href":"https:\/\/noticiasveracruz.com\/index.php\/wp-json\/wp\/v2\/posts"}],"about":[{"href":"https:\/\/noticiasveracruz.com\/index.php\/wp-json\/wp\/v2\/types\/post"}],"author":[{"embeddable":true,"href":"https:\/\/noticiasveracruz.com\/index.php\/wp-json\/wp\/v2\/users\/4"}],"replies":[{"embeddable":true,"href":"https:\/\/noticiasveracruz.com\/index.php\/wp-json\/wp\/v2\/comments?post=53570"}],"version-history":[{"count":0,"href":"https:\/\/noticiasveracruz.com\/index.php\/wp-json\/wp\/v2\/posts\/53570\/revisions"}],"wp:featuredmedia":[{"embeddable":true,"href":"https:\/\/noticiasveracruz.com\/index.php\/wp-json\/wp\/v2\/media\/53571"}],"wp:attachment":[{"href":"https:\/\/noticiasveracruz.com\/index.php\/wp-json\/wp\/v2\/media?parent=53570"}],"wp:term":[{"taxonomy":"category","embeddable":true,"href":"https:\/\/noticiasveracruz.com\/index.php\/wp-json\/wp\/v2\/categories?post=53570"},{"taxonomy":"post_tag","embeddable":true,"href":"https:\/\/noticiasveracruz.com\/index.php\/wp-json\/wp\/v2\/tags?post=53570"}],"curies":[{"name":"wp","href":"https:\/\/api.w.org\/{rel}","templated":true}]}}