{"id":53567,"date":"2025-04-01T00:03:21","date_gmt":"2025-04-01T06:03:21","guid":{"rendered":"https:\/\/noticiasveracruz.com\/?p=53567"},"modified":"2025-03-31T22:36:08","modified_gmt":"2025-04-01T04:36:08","slug":"publican-en-dof-resultados-de-aprendizaje-en-educacion-basica","status":"publish","type":"post","link":"https:\/\/noticiasveracruz.com\/index.php\/2025\/04\/01\/publican-en-dof-resultados-de-aprendizaje-en-educacion-basica\/","title":{"rendered":"Publican en DOF resultados de aprendizaje en educaci\u00f3n b\u00e1sica"},"content":{"rendered":"<p class=\"nota-justify\">El Gobierno de M\u00e9xico, a trav\u00e9s de la Comisi\u00f3n Nacional para la Mejora Continua de la Educaci\u00f3n (Mejoredu), public\u00f3 en el Diario Oficial de la Federaci\u00f3n (DOF) dos avisos con las ligas electr\u00f3nicas para consultar los Lineamientos generales relacionados con el desempe\u00f1o escolar y los resultados de aprendizaje en Educaci\u00f3n B\u00e1sica y Educaci\u00f3n Media Superior.<\/p>\n<p class=\"nota-justify\">Los lineamientos fueron aprobados por el ACUERDO SEJD\/01-25\/3-,R en la Primera Sesi\u00f3n Extraordinaria de la Junta Directiva de la Mejoredu, celebrada el 14 de enero de 2025. Tienen como objetivo mejorar las pr\u00e1cticas escolares y no se centran en la eficacia exclusivamente, sino que responden a una educaci\u00f3n integral, respetable y libre.<\/p>\n<p class=\"nota-justify\">La Comisi\u00f3n es uno de los \u00f3rganos desconcentrados que se extinguir\u00e1n debido a la reforma en materia de simplificaci\u00f3n org\u00e1nica aprobada el a\u00f1o pasado. Aunque a\u00fan no establecen c\u00f3mo ser\u00e1 el proceso ni qu\u00e9 pasar\u00e1 con los m\u00e1s de 500 trabajadores.<\/p>\n<p class=\"nota-justify\">En los lineamientos de Educaci\u00f3n B\u00e1sica, el documento est\u00e1 dividido en dos cap\u00edtulos: Del objeto y destinatario de los lineamientos y De la perspectiva del desempe\u00f1o escolar y los resultados de aprendizaje, que a la vez contiene cinco apartados -organizaci\u00f3n de trabajo escolar con sentido pedag\u00f3gico; organizaci\u00f3n y distribuci\u00f3n del espacio escolar; organizaci\u00f3n y distribuci\u00f3n del tiempo escolar en los procesos de ense\u00f1anza y aprendizaje; la participaci\u00f3n democr\u00e1tica y colectiva en la vida escolar; la autonom\u00eda profesional en los procesos de ense\u00f1anza y aprendizaje.<\/p>\n<p class=\"nota-justify\">En uno de los transitorios aclar\u00f3 que las situaciones no previstas en los presentes Lineamientos, as\u00ed como aquellas que planteen por escrito las autoridades educativas federal, de los estados y de la Ciudad de M\u00e9xico, ser\u00e1n resueltas por Mejoredu en el \u00e1mbito de sus competencias y atribuciones, y deber\u00e1n ser comunicadas oportunamente a los interesados, seg\u00fan corresponda.<\/p>\n<p class=\"nota-justify\">En el caso de Educaci\u00f3n Media Superior resalt\u00f3 que las autoridades deben dar un acompa\u00f1amiento a la comunidad escolar en temas relevantes para la vida de los estudiantes, entre los temas que destacaron est\u00e1n las relaciones socioafectivas, la construcci\u00f3n de la identidad, proyectos de vida y a futuro, salud reproductiva.<\/p>\n<p class=\"nota-justify\">Los lineamientos podr\u00e1n consultarse en www.dof.gob.mx\/2025\/MEJOREDU\/Lineamientos-desempe\u00f1o-y-resultados-EB.pdf y www.dof.gob.mx\/2025\/MEJOREDU\/Lineamientos-desempe\u00f1o-y-resultados-EMB.pdf<\/p>\n","protected":false},"excerpt":{"rendered":"<p>El Gobierno de M\u00e9xico, a trav\u00e9s de la Comisi\u00f3n Nacional para la Mejora Continua de la Educaci\u00f3n (Mejoredu), public\u00f3 en<\/p>\n","protected":false},"author":4,"featured_media":53568,"comment_status":"closed","ping_status":"closed","sticky":false,"template":"","format":"standard","meta":{"colormag_page_container_layout":"default_layout","colormag_page_sidebar_layout":"default_layout","_jetpack_memberships_contains_paid_content":false,"footnotes":"","jetpack_publicize_message":"","jetpack_publicize_feature_enabled":true,"jetpack_social_post_already_shared":true,"jetpack_social_options":{"image_generator_settings":{"template":"highway","default_image_id":0,"font":"","enabled":false},"version":2}},"categories":[4],"tags":[],"class_list":["post-53567","post","type-post","status-publish","format-standard","has-post-thumbnail","hentry","category-nacional"],"jetpack_publicize_connections":[],"jetpack_featured_media_url":"https:\/\/noticiasveracruz.com\/wp-content\/uploads\/2025\/03\/EDU.jpg","jetpack_sharing_enabled":true,"publishpress_future_action":{"enabled":false,"date":"2026-05-08 06:08:37","action":"change-status","newStatus":"draft","terms":[],"taxonomy":"category","extraData":[]},"publishpress_future_workflow_manual_trigger":{"enabledWorkflows":[]},"_links":{"self":[{"href":"https:\/\/noticiasveracruz.com\/index.php\/wp-json\/wp\/v2\/posts\/53567","targetHints":{"allow":["GET"]}}],"collection":[{"href":"https:\/\/noticiasveracruz.com\/index.php\/wp-json\/wp\/v2\/posts"}],"about":[{"href":"https:\/\/noticiasveracruz.com\/index.php\/wp-json\/wp\/v2\/types\/post"}],"author":[{"embeddable":true,"href":"https:\/\/noticiasveracruz.com\/index.php\/wp-json\/wp\/v2\/users\/4"}],"replies":[{"embeddable":true,"href":"https:\/\/noticiasveracruz.com\/index.php\/wp-json\/wp\/v2\/comments?post=53567"}],"version-history":[{"count":0,"href":"https:\/\/noticiasveracruz.com\/index.php\/wp-json\/wp\/v2\/posts\/53567\/revisions"}],"wp:featuredmedia":[{"embeddable":true,"href":"https:\/\/noticiasveracruz.com\/index.php\/wp-json\/wp\/v2\/media\/53568"}],"wp:attachment":[{"href":"https:\/\/noticiasveracruz.com\/index.php\/wp-json\/wp\/v2\/media?parent=53567"}],"wp:term":[{"taxonomy":"category","embeddable":true,"href":"https:\/\/noticiasveracruz.com\/index.php\/wp-json\/wp\/v2\/categories?post=53567"},{"taxonomy":"post_tag","embeddable":true,"href":"https:\/\/noticiasveracruz.com\/index.php\/wp-json\/wp\/v2\/tags?post=53567"}],"curies":[{"name":"wp","href":"https:\/\/api.w.org\/{rel}","templated":true}]}}