{"id":53564,"date":"2025-04-01T00:02:23","date_gmt":"2025-04-01T06:02:23","guid":{"rendered":"https:\/\/noticiasveracruz.com\/?p=53564"},"modified":"2025-03-31T22:34:14","modified_gmt":"2025-04-01T04:34:14","slug":"corte-claudico-ante-reforma-judicial-para-evitar-crisis-institucional-pina","status":"publish","type":"post","link":"https:\/\/noticiasveracruz.com\/index.php\/2025\/04\/01\/corte-claudico-ante-reforma-judicial-para-evitar-crisis-institucional-pina\/","title":{"rendered":"Corte \u00abclaudic\u00f3\u00bb ante reforma judicial para evitar crisis institucional: Pi\u00f1a"},"content":{"rendered":"<div id=\"article-content-tts\" class=\"nota-contenido mb-5\">\n<div id=\"content_nitf\">\n<p class=\"nota-justify\">La ministra presidenta Norma Pi\u00f1a Hern\u00e1ndez afirm\u00f3 este lunes que, para evitar mayor confrontaci\u00f3n entre poderes del Estado y hasta una crisis institucional, la Suprema Corte de Justicia de la Naci\u00f3n (SCJN) tuvo que \u201cclaudicar\u201d ante la reforma judicial y otros cambios legales aprobados en el sexenio de Andr\u00e9s Manuel L\u00f3pez Obrador, como la incorporaci\u00f3n de la Guardia Nacional a la Secretar\u00eda de la Defensa Nacional (Defensa).<\/p>\n<p class=\"nota-justify\">Durante la ceremonia conmemorativa por los 200 a\u00f1os de la SCJN, celebrada en su sede con cinco ministros en retiro, magistrados y jueces como invitados especiales, pero con la prensa excluida, la togada dijo que la historia de ese alto tribunal \u201cpuede tambi\u00e9n contarse a partir de una inevitable tensi\u00f3n entre los poderes p\u00fablicos\u201d y confrontaci\u00f3n con los mismos.<\/p>\n<p class=\"nota-justify\">\u201cPodr\u00eda darse cuenta de m\u00faltiples casos que pueden ser analizados a la luz de ese binomio: los amparos promovidos por los hermanos Flores Mag\u00f3n para intentar superar las censuras y ataques de los que fueron objeto por el r\u00e9gimen porfirista; los diversos juicios derivados de la expropiaci\u00f3n petrolera, de la nacionalizaci\u00f3n de la industria el\u00e9ctrica y de la banca; de manera m\u00e1s reciente, cabe mencionar el an\u00e1lisis relativo a la apertura de nuestra industria el\u00e9ctrica, la militarizaci\u00f3n de la seguridad p\u00fablica y, en \u00faltima instancia, cuando analiz\u00f3 la posibilidad de revisar la constitucionalidad de una reforma constitucional.<\/p>\n<p class=\"nota-justify\">\u201cEsta tensi\u00f3n, que a veces parece inevitable, ha desembocado en diversas ocasiones en una crisis institucional. Esta tambi\u00e9n es la historia de la Suprema Corte de Justicia de la Naci\u00f3n, han cambiado los recintos en los que se busca impartir justicia, entramos y salimos los que aceptamos el gran honor y, sobre todo, la gran responsabilidad de integrar el alto tribunal. Cambia el contexto nacional. Mutan los problemas que nos definen como pa\u00eds\u201d, dijo.<\/p>\n<p class=\"nota-justify\">Frente a los ministros en retiro Jos\u00e9 Fernando Franco Gonz\u00e1lez Salas, Victoria Adato Green Clementina Gil Guill\u00e9n, Luis Felipe L\u00f3pez Contreras y Eduardo Medina Mora, Pi\u00f1a Hern\u00e1ndez resalt\u00f3 que los retos por impartir justicia en los 200 a\u00f1os no es una historia c\u00f3moda de contar, pues su aspiraci\u00f3n se ha ido forjando desde la adversidad. En ese tenor, critic\u00f3 el modelo de elecci\u00f3n de importadores de justicia que no se basa en los m\u00e1s altos est\u00e1ndares.<\/p>\n<p class=\"nota-justify\">\u201cPara perseguir el ideal de la justicia siempre ha sido necesario sortear m\u00faltiples y complejos obst\u00e1culos dise\u00f1ados por quienes c\u00f3modamente se benefician de una perversa situaci\u00f3n de injusticia o de aquellos que piensan que el servicio p\u00fablico no requiere elegirse bajo altos est\u00e1ndares \u00e9ticos, sino que es una patente que los legitima para incumplir las reglas, para abusar del cargo y espec\u00edficamente para abusar de quienes se encuentran en una situaci\u00f3n de desventaja\u201d, resalt\u00f3.<\/p>\n<p class=\"nota-justify\">Como parte de la celebraci\u00f3n del bicentenario de la Corte, anunci\u00f3 la apertura del micrositio en la p\u00e1gina oficial del m\u00e1ximo tribunal del pa\u00eds en el que cualquier persona podr\u00e1 consultar una l\u00ednea del tiempo sobre la historia de la justicia en nuestro pa\u00eds.<\/p>\n<p class=\"nota-justify\">Tambi\u00e9n, al pie de la escalera de la entrada principal del edificio en el Centro Hist\u00f3rico capitalino, Pi\u00f1a Hern\u00e1ndez devel\u00f3 una placa para conmemorar a todas las personas han integrado la Corte y han luchado \u201cpor construir una mejor justicia para nuestro pa\u00eds a trav\u00e9s de la defensa de nuestra Constituci\u00f3n\u201d.<\/p>\n<\/div>\n<\/div>\n<div class=\"notas-relacionadas\"><\/div>\n<div class=\"nota-tags\"><\/div>\n","protected":false},"excerpt":{"rendered":"<p>La ministra presidenta Norma Pi\u00f1a Hern\u00e1ndez afirm\u00f3 este lunes que, para evitar mayor confrontaci\u00f3n entre poderes del Estado y hasta<\/p>\n","protected":false},"author":4,"featured_media":53565,"comment_status":"closed","ping_status":"closed","sticky":false,"template":"","format":"standard","meta":{"colormag_page_container_layout":"default_layout","colormag_page_sidebar_layout":"default_layout","_jetpack_memberships_contains_paid_content":false,"footnotes":"","jetpack_publicize_message":"","jetpack_publicize_feature_enabled":true,"jetpack_social_post_already_shared":true,"jetpack_social_options":{"image_generator_settings":{"template":"highway","default_image_id":0,"font":"","enabled":false},"version":2}},"categories":[4],"tags":[],"class_list":["post-53564","post","type-post","status-publish","format-standard","has-post-thumbnail","hentry","category-nacional"],"jetpack_publicize_connections":[],"jetpack_featured_media_url":"https:\/\/noticiasveracruz.com\/wp-content\/uploads\/2025\/03\/CORT.jpg","jetpack_sharing_enabled":true,"publishpress_future_action":{"enabled":false,"date":"2026-05-08 03:27:39","action":"change-status","newStatus":"draft","terms":[],"taxonomy":"category","extraData":[]},"publishpress_future_workflow_manual_trigger":{"enabledWorkflows":[]},"_links":{"self":[{"href":"https:\/\/noticiasveracruz.com\/index.php\/wp-json\/wp\/v2\/posts\/53564","targetHints":{"allow":["GET"]}}],"collection":[{"href":"https:\/\/noticiasveracruz.com\/index.php\/wp-json\/wp\/v2\/posts"}],"about":[{"href":"https:\/\/noticiasveracruz.com\/index.php\/wp-json\/wp\/v2\/types\/post"}],"author":[{"embeddable":true,"href":"https:\/\/noticiasveracruz.com\/index.php\/wp-json\/wp\/v2\/users\/4"}],"replies":[{"embeddable":true,"href":"https:\/\/noticiasveracruz.com\/index.php\/wp-json\/wp\/v2\/comments?post=53564"}],"version-history":[{"count":0,"href":"https:\/\/noticiasveracruz.com\/index.php\/wp-json\/wp\/v2\/posts\/53564\/revisions"}],"wp:featuredmedia":[{"embeddable":true,"href":"https:\/\/noticiasveracruz.com\/index.php\/wp-json\/wp\/v2\/media\/53565"}],"wp:attachment":[{"href":"https:\/\/noticiasveracruz.com\/index.php\/wp-json\/wp\/v2\/media?parent=53564"}],"wp:term":[{"taxonomy":"category","embeddable":true,"href":"https:\/\/noticiasveracruz.com\/index.php\/wp-json\/wp\/v2\/categories?post=53564"},{"taxonomy":"post_tag","embeddable":true,"href":"https:\/\/noticiasveracruz.com\/index.php\/wp-json\/wp\/v2\/tags?post=53564"}],"curies":[{"name":"wp","href":"https:\/\/api.w.org\/{rel}","templated":true}]}}