{"id":53552,"date":"2025-04-01T00:02:31","date_gmt":"2025-04-01T06:02:31","guid":{"rendered":"https:\/\/noticiasveracruz.com\/?p=53552"},"modified":"2025-03-31T22:19:22","modified_gmt":"2025-04-01T04:19:22","slug":"playas-y-carreteras-seguras-en-el-estado","status":"publish","type":"post","link":"https:\/\/noticiasveracruz.com\/index.php\/2025\/04\/01\/playas-y-carreteras-seguras-en-el-estado\/","title":{"rendered":"Playas y carreteras seguras, en el estado"},"content":{"rendered":"<p>Con el objetivo de garantizar la seguridad y bienestar de turistas y ciudadanos durante la temporada vacacional del 14 al 25 de abril, el Gobierno de Veracruz alista un operativo integral que abarcar\u00e1 desde Tamiahua hasta Coatzacoalcos, as\u00ed como carreteras y puntos estrat\u00e9gicos.<\/p>\n<p>La gobernadora Roc\u00edo Nahle Garc\u00eda inform\u00f3 que la Secretar\u00eda de Protecci\u00f3n Civil (PC) present\u00f3 el programa, que contempla la instalaci\u00f3n de ocho campamentos en playas, en estos puntos, elementos de la Secretar\u00eda de Marina, la Secretar\u00eda de Seguridad P\u00fablica (SSP) y la Guardia Nacional (GN) resguardar\u00e1n a las y los vacacionistas.<\/p>\n<p>Asimismo, destac\u00f3 que el operativo no se limitar\u00e1 a la zona costera, sino que incluir\u00e1 vigilancia en carreteras y puntos estrat\u00e9gicos, \u201choy en la Mesa de Seguridad platicamos sobre la coordinaci\u00f3n con los municipios, es un trabajo conjunto para proteger a quienes visitan ya sea playas, lagunas o \u00e1reas de d\u00eda de campo\u00bb.<\/p>\n<p>En cuanto a la seguridad en las v\u00edas de comunicaci\u00f3n, implementar\u00e1n recorridos en coordinaci\u00f3n con la GN y SSP, similares a los efectuados en diciembre pasado.<\/p>\n<p>\u201cTodas las carreteras principales, como la autopista de Puebla a Veracruz, Perote a Xalapa, el corredor de Maltrata, as\u00ed como la carretera federal 180, contar\u00e1n con presencia de elementos de seguridad\u00bb, explic\u00f3 la Mandataria.<\/p>\n","protected":false},"excerpt":{"rendered":"<p>Con el objetivo de garantizar la seguridad y bienestar de turistas y ciudadanos durante la temporada vacacional del 14 al<\/p>\n","protected":false},"author":4,"featured_media":53553,"comment_status":"closed","ping_status":"closed","sticky":false,"template":"","format":"standard","meta":{"colormag_page_container_layout":"default_layout","colormag_page_sidebar_layout":"default_layout","_jetpack_memberships_contains_paid_content":false,"footnotes":"","jetpack_publicize_message":"","jetpack_publicize_feature_enabled":true,"jetpack_social_post_already_shared":true,"jetpack_social_options":{"image_generator_settings":{"template":"highway","default_image_id":0,"font":"","enabled":false},"version":2}},"categories":[356],"tags":[],"class_list":["post-53552","post","type-post","status-publish","format-standard","has-post-thumbnail","hentry","category-veracruz"],"jetpack_publicize_connections":[],"jetpack_featured_media_url":"https:\/\/noticiasveracruz.com\/wp-content\/uploads\/2025\/03\/8b-7.jpg","jetpack_sharing_enabled":true,"publishpress_future_action":{"enabled":false,"date":"2026-05-08 05:18:21","action":"change-status","newStatus":"draft","terms":[],"taxonomy":"category","extraData":[]},"publishpress_future_workflow_manual_trigger":{"enabledWorkflows":[]},"_links":{"self":[{"href":"https:\/\/noticiasveracruz.com\/index.php\/wp-json\/wp\/v2\/posts\/53552","targetHints":{"allow":["GET"]}}],"collection":[{"href":"https:\/\/noticiasveracruz.com\/index.php\/wp-json\/wp\/v2\/posts"}],"about":[{"href":"https:\/\/noticiasveracruz.com\/index.php\/wp-json\/wp\/v2\/types\/post"}],"author":[{"embeddable":true,"href":"https:\/\/noticiasveracruz.com\/index.php\/wp-json\/wp\/v2\/users\/4"}],"replies":[{"embeddable":true,"href":"https:\/\/noticiasveracruz.com\/index.php\/wp-json\/wp\/v2\/comments?post=53552"}],"version-history":[{"count":0,"href":"https:\/\/noticiasveracruz.com\/index.php\/wp-json\/wp\/v2\/posts\/53552\/revisions"}],"wp:featuredmedia":[{"embeddable":true,"href":"https:\/\/noticiasveracruz.com\/index.php\/wp-json\/wp\/v2\/media\/53553"}],"wp:attachment":[{"href":"https:\/\/noticiasveracruz.com\/index.php\/wp-json\/wp\/v2\/media?parent=53552"}],"wp:term":[{"taxonomy":"category","embeddable":true,"href":"https:\/\/noticiasveracruz.com\/index.php\/wp-json\/wp\/v2\/categories?post=53552"},{"taxonomy":"post_tag","embeddable":true,"href":"https:\/\/noticiasveracruz.com\/index.php\/wp-json\/wp\/v2\/tags?post=53552"}],"curies":[{"name":"wp","href":"https:\/\/api.w.org\/{rel}","templated":true}]}}