{"id":5355,"date":"2022-06-16T14:40:10","date_gmt":"2022-06-16T19:40:10","guid":{"rendered":"https:\/\/noticiasveracruz.com\/?p=5355"},"modified":"2022-06-16T14:40:10","modified_gmt":"2022-06-16T19:40:10","slug":"en-manos-de-la-fgr-investigar-a-alito-por-irregularidades-en-audios","status":"publish","type":"post","link":"https:\/\/noticiasveracruz.com\/index.php\/2022\/06\/16\/en-manos-de-la-fgr-investigar-a-alito-por-irregularidades-en-audios\/","title":{"rendered":"En manos de la FGR investigar a \u201cAlito\u201d por irregularidades en audios"},"content":{"rendered":"<p class=\"p2\"><span style=\"font-size: 14pt;\"><em><strong>Ciudad de M\u00e9xico.<\/strong><\/em> El presidente\u00a0<strong>Andr\u00e9s Manuel L\u00f3pez Obrador se\u00f1al\u00f3 que corresponde a la\u00a0Fiscal\u00eda General de la Rep\u00fablica (FGR), la decisi\u00f3n de investigar o no al\u00a0dirigente nacional del PRI,\u00a0Alejandro Moreno, \u201cAlito\u201d.<\/strong><\/span><\/p>\n<p class=\"p2\"><span style=\"font-size: 14pt;\">Lo anterior se da en contexto tras la los audios que lo involucran con presuntas irregularidades.<\/span><\/p>\n<blockquote>\n<p class=\"p2\"><span style=\"font-size: 14pt;\">Que lo investiguen las autoridades, porque si no, luego nos acusan de persecuci\u00f3n\u201d<\/span><\/p>\n<\/blockquote>\n<p class=\"p2\"><strong><span style=\"font-size: 18pt;\">En tono de burla dijo \u201cahora no quieren defenderlo sus aliados, del\u00a0PAN\u00a0y\u00a0PRD\u201d<\/span><\/strong><\/p>\n<blockquote>\n<p class=\"p2\"><span style=\"font-size: 14pt;\">Lo que llama la atenci\u00f3n es que est\u00e1n acusando al presidente del PRI y en vez de salir a defenderlo son unos ingratos, se quedan callados. Porque ahora ni lo conocen, cuando \u00e9l les dio todo. \u00bfHa salido este se\u00f1or del PAN a defenderlo?\u00bfNo ha salido\u00a0Diego\u00a0a defenderlo? \u00bfFox? \u00bfCreel? \u00bfCalder\u00f3n? \u00abAlito\u00bb aguanta el pueblo se levante\u201d<\/span><\/p>\n<\/blockquote>\n<p class=\"p2\"><span style=\"font-size: 14pt;\">Y a\u00f1adi\u00f3 que es bueno que se purifique la vida pol\u00edtica del pa\u00eds, ventil\u00e1ndose estos temas, porque antes \u00abhab\u00eda estas fechor\u00edas\u2026 que se hagan p\u00fablicas\u00bb.<\/span><\/p>\n<blockquote>\n<p class=\"p2\"><span style=\"font-size: 14pt;\">Habr\u00e1 que ver lo que van a hacer porque les pagan por legislar, si se niegan a hacerlo que no cobren\u201d<\/span><\/p>\n<\/blockquote>\n<p class=\"p2\"><span style=\"font-size: 18pt;\"><strong>L\u00f3pez Obrador asegur\u00f3 que seguir\u00e1n los cambios importantes en el pa\u00eds, no necesariamente a partir de las modificaciones legislativas.<\/strong><\/span><\/p>\n<p class=\"p2\"><strong><span style=\"font-size: 18pt;\">En el caso del \u00e1mbito electoral, dijo que la democracia depende de la participaci\u00f3n ciudadana, no tanto de autoridades en este \u00e1mbito.<\/span><\/strong><\/p>\n<blockquote>\n<p class=\"p2\"><span style=\"font-size: 14pt;\">Y quienes no quieren est\u00e1\u00a0Reforma Electoral\u00a0es porque \u201cquieren tener a los mismos, ese prototipo de\u00a0Lorenzo C\u00f3rdova, de Ciro Murayama. De cualquier manera ya van a salir y se puede elegir uno mejor\u201d.<\/span><\/p>\n<\/blockquote>\n<p>&nbsp;<\/p>\n<p>&nbsp;<\/p>\n","protected":false},"excerpt":{"rendered":"<p>Ciudad de M\u00e9xico. El presidente\u00a0Andr\u00e9s Manuel L\u00f3pez Obrador se\u00f1al\u00f3 que corresponde a la\u00a0Fiscal\u00eda General de la Rep\u00fablica (FGR), la decisi\u00f3n<\/p>\n","protected":false},"author":4,"featured_media":5356,"comment_status":"closed","ping_status":"closed","sticky":false,"template":"","format":"standard","meta":{"colormag_page_container_layout":"default_layout","colormag_page_sidebar_layout":"default_layout","_jetpack_memberships_contains_paid_content":false,"footnotes":"","jetpack_publicize_message":"","jetpack_publicize_feature_enabled":true,"jetpack_social_post_already_shared":false,"jetpack_social_options":{"image_generator_settings":{"template":"highway","default_image_id":0,"font":"","enabled":false},"version":2}},"categories":[4],"tags":[380,65,929],"class_list":["post-5355","post","type-post","status-publish","format-standard","has-post-thumbnail","hentry","category-nacional","tag-alejandro-moreno","tag-andres-manuel-lopez-obrador","tag-fgr"],"jetpack_publicize_connections":[],"jetpack_featured_media_url":"https:\/\/noticiasveracruz.com\/wp-content\/uploads\/2022\/06\/FVTRFT4UcAEiEAK.jpeg","jetpack_sharing_enabled":true,"publishpress_future_action":{"enabled":false,"date":"2026-05-06 15:34:07","action":"change-status","newStatus":"draft","terms":[],"taxonomy":"category","extraData":[]},"publishpress_future_workflow_manual_trigger":{"enabledWorkflows":[]},"_links":{"self":[{"href":"https:\/\/noticiasveracruz.com\/index.php\/wp-json\/wp\/v2\/posts\/5355","targetHints":{"allow":["GET"]}}],"collection":[{"href":"https:\/\/noticiasveracruz.com\/index.php\/wp-json\/wp\/v2\/posts"}],"about":[{"href":"https:\/\/noticiasveracruz.com\/index.php\/wp-json\/wp\/v2\/types\/post"}],"author":[{"embeddable":true,"href":"https:\/\/noticiasveracruz.com\/index.php\/wp-json\/wp\/v2\/users\/4"}],"replies":[{"embeddable":true,"href":"https:\/\/noticiasveracruz.com\/index.php\/wp-json\/wp\/v2\/comments?post=5355"}],"version-history":[{"count":0,"href":"https:\/\/noticiasveracruz.com\/index.php\/wp-json\/wp\/v2\/posts\/5355\/revisions"}],"wp:featuredmedia":[{"embeddable":true,"href":"https:\/\/noticiasveracruz.com\/index.php\/wp-json\/wp\/v2\/media\/5356"}],"wp:attachment":[{"href":"https:\/\/noticiasveracruz.com\/index.php\/wp-json\/wp\/v2\/media?parent=5355"}],"wp:term":[{"taxonomy":"category","embeddable":true,"href":"https:\/\/noticiasveracruz.com\/index.php\/wp-json\/wp\/v2\/categories?post=5355"},{"taxonomy":"post_tag","embeddable":true,"href":"https:\/\/noticiasveracruz.com\/index.php\/wp-json\/wp\/v2\/tags?post=5355"}],"curies":[{"name":"wp","href":"https:\/\/api.w.org\/{rel}","templated":true}]}}