{"id":53542,"date":"2025-03-31T22:08:18","date_gmt":"2025-04-01T04:08:18","guid":{"rendered":"https:\/\/noticiasveracruz.com\/?p=53542"},"modified":"2025-03-31T22:08:18","modified_gmt":"2025-04-01T04:08:18","slug":"se-conformaron-los-comites-de-obras-de-urbanizacion-y-un-parque-publico-en-las-colonias-colosio-miguel-hidalgo-y-tulipanes","status":"publish","type":"post","link":"https:\/\/noticiasveracruz.com\/index.php\/2025\/03\/31\/se-conformaron-los-comites-de-obras-de-urbanizacion-y-un-parque-publico-en-las-colonias-colosio-miguel-hidalgo-y-tulipanes\/","title":{"rendered":"Se conformaron los comit\u00e9s de obras de urbanizaci\u00f3n y un parque p\u00fablico, en las colonias Colosio, Miguel Hidalgo y Tulipanes"},"content":{"rendered":"<p>Tuxpan, Ver., 31 de marzo de 2025.- Bajo los principios de participaci\u00f3n social, transparencia y rendici\u00f3n de cuentas, el Gobierno de Tuxpan integr\u00f3 los comit\u00e9s de obras que se realizar\u00e1n en las colonias Luis Donaldo Colosio, Miguel Hidalgo y Tulipanes.<\/p>\n<p><img loading=\"lazy\" decoding=\"async\" class=\"alignnone size-medium wp-image-53547\" src=\"http:\/\/noticiasveracruz.com\/wp-content\/uploads\/2025\/03\/WhatsApp-Image-2025-03-31-at-21.24.40-300x200.jpeg\" alt=\"\" width=\"300\" height=\"200\" srcset=\"https:\/\/noticiasveracruz.com\/wp-content\/uploads\/2025\/03\/WhatsApp-Image-2025-03-31-at-21.24.40-300x200.jpeg 300w, https:\/\/noticiasveracruz.com\/wp-content\/uploads\/2025\/03\/WhatsApp-Image-2025-03-31-at-21.24.40-1024x681.jpeg 1024w, https:\/\/noticiasveracruz.com\/wp-content\/uploads\/2025\/03\/WhatsApp-Image-2025-03-31-at-21.24.40-768x511.jpeg 768w, https:\/\/noticiasveracruz.com\/wp-content\/uploads\/2025\/03\/WhatsApp-Image-2025-03-31-at-21.24.40-1536x1021.jpeg 1536w, https:\/\/noticiasveracruz.com\/wp-content\/uploads\/2025\/03\/WhatsApp-Image-2025-03-31-at-21.24.40.jpeg 1600w\" sizes=\"auto, (max-width: 300px) 100vw, 300px\" \/><\/p>\n<p>En la calle Ricardo Flores Mag\u00f3n, de la colonia Colosio, el presidente municipal Dr. Jes\u00fas Fomperoza Torres y el director de Desarrollo Social, Jes\u00fas Carballo Serrano, estuvieron en la integraci\u00f3n del comit\u00e9 para la obra de pavimentaci\u00f3n con concreto hidr\u00e1ulico, guarniciones y banquetas, donde se invertir\u00e1n 3 millones 200 mil pesos.<\/p>\n<p><img loading=\"lazy\" decoding=\"async\" class=\"alignnone size-medium wp-image-53546\" src=\"http:\/\/noticiasveracruz.com\/wp-content\/uploads\/2025\/03\/WhatsApp-Image-2025-03-31-at-21.24.40-3-300x200.jpeg\" alt=\"\" width=\"300\" height=\"200\" srcset=\"https:\/\/noticiasveracruz.com\/wp-content\/uploads\/2025\/03\/WhatsApp-Image-2025-03-31-at-21.24.40-3-300x200.jpeg 300w, https:\/\/noticiasveracruz.com\/wp-content\/uploads\/2025\/03\/WhatsApp-Image-2025-03-31-at-21.24.40-3-1024x681.jpeg 1024w, https:\/\/noticiasveracruz.com\/wp-content\/uploads\/2025\/03\/WhatsApp-Image-2025-03-31-at-21.24.40-3-768x511.jpeg 768w, https:\/\/noticiasveracruz.com\/wp-content\/uploads\/2025\/03\/WhatsApp-Image-2025-03-31-at-21.24.40-3-1536x1021.jpeg 1536w, https:\/\/noticiasveracruz.com\/wp-content\/uploads\/2025\/03\/WhatsApp-Image-2025-03-31-at-21.24.40-3.jpeg 1600w\" sizes=\"auto, (max-width: 300px) 100vw, 300px\" \/><\/p>\n<p>Esta era una urbanizaci\u00f3n que representaba un anhelo de varias d\u00e9cadas, por lo que los vecinos agradecieron al Ayuntamiento la aprobaci\u00f3n de la pavimentaci\u00f3n de su calle.<\/p>\n<p><img loading=\"lazy\" decoding=\"async\" class=\"alignnone size-medium wp-image-53545\" src=\"http:\/\/noticiasveracruz.com\/wp-content\/uploads\/2025\/03\/WhatsApp-Image-2025-03-31-at-21.24.40-2-300x200.jpeg\" alt=\"\" width=\"300\" height=\"200\" srcset=\"https:\/\/noticiasveracruz.com\/wp-content\/uploads\/2025\/03\/WhatsApp-Image-2025-03-31-at-21.24.40-2-300x200.jpeg 300w, https:\/\/noticiasveracruz.com\/wp-content\/uploads\/2025\/03\/WhatsApp-Image-2025-03-31-at-21.24.40-2-1024x681.jpeg 1024w, https:\/\/noticiasveracruz.com\/wp-content\/uploads\/2025\/03\/WhatsApp-Image-2025-03-31-at-21.24.40-2-768x511.jpeg 768w, https:\/\/noticiasveracruz.com\/wp-content\/uploads\/2025\/03\/WhatsApp-Image-2025-03-31-at-21.24.40-2-1536x1021.jpeg 1536w, https:\/\/noticiasveracruz.com\/wp-content\/uploads\/2025\/03\/WhatsApp-Image-2025-03-31-at-21.24.40-2.jpeg 1600w\" sizes=\"auto, (max-width: 300px) 100vw, 300px\" \/><\/p>\n<p>Posteriormente, en compa\u00f1\u00eda de la regidora Mar\u00eda del Pilar Mart\u00ednez Matesanz y del director de Desarrollo Social, el alcalde atestigu\u00f3 la conformaci\u00f3n del comit\u00e9 de la obra de construcci\u00f3n de un parque p\u00fablico urbano en Tulipanes, donde se aplicar\u00e1n recursos por 3 millones de pesos.<\/p>\n<p><img loading=\"lazy\" decoding=\"async\" class=\"alignnone size-medium wp-image-53544\" src=\"http:\/\/noticiasveracruz.com\/wp-content\/uploads\/2025\/03\/WhatsApp-Image-2025-03-31-at-21.24.40-1-300x200.jpeg\" alt=\"\" width=\"300\" height=\"200\" srcset=\"https:\/\/noticiasveracruz.com\/wp-content\/uploads\/2025\/03\/WhatsApp-Image-2025-03-31-at-21.24.40-1-300x200.jpeg 300w, https:\/\/noticiasveracruz.com\/wp-content\/uploads\/2025\/03\/WhatsApp-Image-2025-03-31-at-21.24.40-1-1024x681.jpeg 1024w, https:\/\/noticiasveracruz.com\/wp-content\/uploads\/2025\/03\/WhatsApp-Image-2025-03-31-at-21.24.40-1-768x511.jpeg 768w, https:\/\/noticiasveracruz.com\/wp-content\/uploads\/2025\/03\/WhatsApp-Image-2025-03-31-at-21.24.40-1-1536x1021.jpeg 1536w, https:\/\/noticiasveracruz.com\/wp-content\/uploads\/2025\/03\/WhatsApp-Image-2025-03-31-at-21.24.40-1.jpeg 1600w\" sizes=\"auto, (max-width: 300px) 100vw, 300px\" \/><\/p>\n<p>M\u00e1s tarde, el presidente municipal se dirigi\u00f3 a las calles Vicente Guerrero y Agust\u00edn de Iturbide, de la colonia Miguel Hidalgo, donde tambi\u00e9n quedaron instalados los comit\u00e9s de construcci\u00f3n de guarniciones y banquetas.<\/p>\n<p>Es importante mencionar que en cada obra se invertir\u00e1 un mill\u00f3n de pesos y sus beneficios se ver\u00e1n en forma inmediata en el mejoramiento de la calidad de vida de las familias que habitan en estas dos calles.<\/p>\n","protected":false},"excerpt":{"rendered":"<p>Tuxpan, Ver., 31 de marzo de 2025.- Bajo los principios de participaci\u00f3n social, transparencia y rendici\u00f3n de cuentas, el Gobierno<\/p>\n","protected":false},"author":4,"featured_media":53543,"comment_status":"closed","ping_status":"closed","sticky":false,"template":"","format":"standard","meta":{"colormag_page_container_layout":"default_layout","colormag_page_sidebar_layout":"default_layout","_jetpack_memberships_contains_paid_content":false,"footnotes":"","jetpack_publicize_message":"","jetpack_publicize_feature_enabled":true,"jetpack_social_post_already_shared":true,"jetpack_social_options":{"image_generator_settings":{"template":"highway","default_image_id":0,"font":"","enabled":false},"version":2}},"categories":[3372,356],"tags":[],"class_list":["post-53542","post","type-post","status-publish","format-standard","has-post-thumbnail","hentry","category-gobierno-tuxpan","category-veracruz"],"jetpack_publicize_connections":[],"jetpack_featured_media_url":"https:\/\/noticiasveracruz.com\/wp-content\/uploads\/2025\/03\/WhatsApp-Image-2025-03-31-at-21.24.39.jpeg","jetpack_sharing_enabled":true,"publishpress_future_action":{"enabled":false,"date":"2026-05-05 22:58:34","action":"change-status","newStatus":"draft","terms":[],"taxonomy":"category","extraData":[]},"publishpress_future_workflow_manual_trigger":{"enabledWorkflows":[]},"_links":{"self":[{"href":"https:\/\/noticiasveracruz.com\/index.php\/wp-json\/wp\/v2\/posts\/53542","targetHints":{"allow":["GET"]}}],"collection":[{"href":"https:\/\/noticiasveracruz.com\/index.php\/wp-json\/wp\/v2\/posts"}],"about":[{"href":"https:\/\/noticiasveracruz.com\/index.php\/wp-json\/wp\/v2\/types\/post"}],"author":[{"embeddable":true,"href":"https:\/\/noticiasveracruz.com\/index.php\/wp-json\/wp\/v2\/users\/4"}],"replies":[{"embeddable":true,"href":"https:\/\/noticiasveracruz.com\/index.php\/wp-json\/wp\/v2\/comments?post=53542"}],"version-history":[{"count":0,"href":"https:\/\/noticiasveracruz.com\/index.php\/wp-json\/wp\/v2\/posts\/53542\/revisions"}],"wp:featuredmedia":[{"embeddable":true,"href":"https:\/\/noticiasveracruz.com\/index.php\/wp-json\/wp\/v2\/media\/53543"}],"wp:attachment":[{"href":"https:\/\/noticiasveracruz.com\/index.php\/wp-json\/wp\/v2\/media?parent=53542"}],"wp:term":[{"taxonomy":"category","embeddable":true,"href":"https:\/\/noticiasveracruz.com\/index.php\/wp-json\/wp\/v2\/categories?post=53542"},{"taxonomy":"post_tag","embeddable":true,"href":"https:\/\/noticiasveracruz.com\/index.php\/wp-json\/wp\/v2\/tags?post=53542"}],"curies":[{"name":"wp","href":"https:\/\/api.w.org\/{rel}","templated":true}]}}