{"id":53537,"date":"2025-03-31T22:05:17","date_gmt":"2025-04-01T04:05:17","guid":{"rendered":"https:\/\/noticiasveracruz.com\/?p=53537"},"modified":"2025-03-31T22:05:17","modified_gmt":"2025-04-01T04:05:17","slug":"en-sesion-de-consejo-municipal-se-presento-el-programa-operativo-semana-santa-2025","status":"publish","type":"post","link":"https:\/\/noticiasveracruz.com\/index.php\/2025\/03\/31\/en-sesion-de-consejo-municipal-se-presento-el-programa-operativo-semana-santa-2025\/","title":{"rendered":"En sesi\u00f3n de Consejo Municipal se present\u00f3 el Programa Operativo Semana Santa 2025"},"content":{"rendered":"<p>Tuxpan, Ver., 31 de marzo de 2025.- Con la participaci\u00f3n de autoridades de los tres niveles de gobierno, este d\u00eda sesion\u00f3 el Consejo Municipal de Protecci\u00f3n Civil en el que se present\u00f3 un informe de la Temporada de Incendios Forestales y se analiz\u00f3 el Programa Operativo Semana Santa 2025.<\/p>\n<p><img loading=\"lazy\" decoding=\"async\" class=\"alignnone size-medium wp-image-53539\" src=\"http:\/\/noticiasveracruz.com\/wp-content\/uploads\/2025\/03\/WhatsApp-Image-2025-03-31-at-16.44.45-2-300x200.jpeg\" alt=\"\" width=\"300\" height=\"200\" srcset=\"https:\/\/noticiasveracruz.com\/wp-content\/uploads\/2025\/03\/WhatsApp-Image-2025-03-31-at-16.44.45-2-300x200.jpeg 300w, https:\/\/noticiasveracruz.com\/wp-content\/uploads\/2025\/03\/WhatsApp-Image-2025-03-31-at-16.44.45-2-1024x681.jpeg 1024w, https:\/\/noticiasveracruz.com\/wp-content\/uploads\/2025\/03\/WhatsApp-Image-2025-03-31-at-16.44.45-2-768x511.jpeg 768w, https:\/\/noticiasveracruz.com\/wp-content\/uploads\/2025\/03\/WhatsApp-Image-2025-03-31-at-16.44.45-2-1536x1021.jpeg 1536w, https:\/\/noticiasveracruz.com\/wp-content\/uploads\/2025\/03\/WhatsApp-Image-2025-03-31-at-16.44.45-2.jpeg 1600w\" sizes=\"auto, (max-width: 300px) 100vw, 300px\" \/><\/p>\n<p>El objetivo de dicho programa es salvaguardar la salud y la integridad de la poblaci\u00f3n, as\u00ed como de los visitantes que arribar\u00e1n a nuestro municipio durante el pr\u00f3ximo periodo vacacional.<\/p>\n<p>Presidieron la reuni\u00f3n el alcalde Dr. Jes\u00fas Fomperoza Torres; el Cap. Corb. Jorge Arturo Stratfon Rivera, en representaci\u00f3n de la Fuerza Naval del Golfo; el Cap. Nav. M\u00e1ximo Galindo Mar\u00edn, en representaci\u00f3n del Sector Naval de Tuxpan; el Cap. Segundo de Infanter\u00eda, N\u00e9stor Octavio Andr\u00e9s Antonio, en representaci\u00f3n del 39 Batall\u00f3n de Infanter\u00eda.<\/p>\n<p>El Cap. Fgta. Sa\u00fal Guti\u00e9rrez Venegas; el Ing. Industrial Claudio Gurrea Valdez; la s\u00edndica \u00fanica Mtra. Lidia de Jes\u00fas Santiago; las regidoras y los regidores Amado Guti\u00e9rrez Lima, comisionado den Protecci\u00f3n Civil; Mar\u00eda del Pilar Mart\u00ednez Matesanz, Maryanela Monroy Flores, Lucero Res\u00e9ndis Ambrocio, Axel Bernal Herrera y la Lic. Elsa Quintana en representaci\u00f3n de la regidur\u00eda s\u00e9ptima.<\/p>\n<p><img loading=\"lazy\" decoding=\"async\" class=\"alignnone size-medium wp-image-53538\" src=\"http:\/\/noticiasveracruz.com\/wp-content\/uploads\/2025\/03\/WhatsApp-Image-2025-03-31-at-16.44.45-1-300x169.jpeg\" alt=\"\" width=\"300\" height=\"169\" srcset=\"https:\/\/noticiasveracruz.com\/wp-content\/uploads\/2025\/03\/WhatsApp-Image-2025-03-31-at-16.44.45-1-300x169.jpeg 300w, https:\/\/noticiasveracruz.com\/wp-content\/uploads\/2025\/03\/WhatsApp-Image-2025-03-31-at-16.44.45-1-1024x576.jpeg 1024w, https:\/\/noticiasveracruz.com\/wp-content\/uploads\/2025\/03\/WhatsApp-Image-2025-03-31-at-16.44.45-1-768x432.jpeg 768w, https:\/\/noticiasveracruz.com\/wp-content\/uploads\/2025\/03\/WhatsApp-Image-2025-03-31-at-16.44.45-1-1536x864.jpeg 1536w, https:\/\/noticiasveracruz.com\/wp-content\/uploads\/2025\/03\/WhatsApp-Image-2025-03-31-at-16.44.45-1.jpeg 1600w\" sizes=\"auto, (max-width: 300px) 100vw, 300px\" \/><\/p>\n<p>El Lic. Francisco Azuara Osorio, representante de la Central Termoel\u00e9ctrica de Tuxpan; el Ing. Jos\u00e9 Ren\u00e9 T\u00e9llez Medina, director de Protecci\u00f3n Civil; el Lic. Jos\u00e9 Armando Huesca Ovando, secretario del H. Ayuntamiento; el Lic. Juan Pablo Alc\u00e1ntar Alvarado, secretario t\u00e9cnico; el Cap. Fgta. IMP Guillermo Alan V\u00e1zquez Guti\u00e9rrez, secretario de Seguridad P\u00fablica Municipal.<\/p>\n<p>\u201cTenemos enfrente la gran responsabilidad de hacer m\u00e1s segura la estad\u00eda de miles de vacacionistas que llegar\u00e1n a Tuxpan en Semana Santa, estoy convencido de que ser\u00e1 la coordinaci\u00f3n lo que nos permitir\u00e1 una respuesta r\u00e1pida y efectiva ante cualquier emergencia\u201d, se\u00f1al\u00f3 el presidente municipal en su mensaje.<\/p>\n<p>Fomperoza Torres agradeci\u00f3 el respaldo que brindan en estas acciones la Secretar\u00eda de Marina, Defensa, Guardia Nacional, Polic\u00eda Estatal, Capitan\u00eda de Puerto, SESVER, los hospitales, Guardavidas y Voluntarios.<\/p>\n<p>\u201cEn nombre de una comunidad que se siente m\u00e1s fuerte y protegida, les extendemos nuestro m\u00e1s profundo reconocimiento y agradecimiento a todas y todos lo que participan en estos operativos de auxilio al turismo. Su labor es invaluable\u201d.<\/p>\n<p>En la sesi\u00f3n del Consejo tambi\u00e9n participaron representantes del Sector Salud, guardavidas de las playas, agentes y subagentes municipales de las rutas Barra Norte y Kil\u00f3metros.<\/p>\n","protected":false},"excerpt":{"rendered":"<p>Tuxpan, Ver., 31 de marzo de 2025.- Con la participaci\u00f3n de autoridades de los tres niveles de gobierno, este d\u00eda<\/p>\n","protected":false},"author":4,"featured_media":53540,"comment_status":"closed","ping_status":"closed","sticky":false,"template":"","format":"standard","meta":{"colormag_page_container_layout":"default_layout","colormag_page_sidebar_layout":"default_layout","_jetpack_memberships_contains_paid_content":false,"footnotes":"","jetpack_publicize_message":"","jetpack_publicize_feature_enabled":true,"jetpack_social_post_already_shared":true,"jetpack_social_options":{"image_generator_settings":{"template":"highway","default_image_id":0,"font":"","enabled":false},"version":2}},"categories":[3372,356],"tags":[],"class_list":["post-53537","post","type-post","status-publish","format-standard","has-post-thumbnail","hentry","category-gobierno-tuxpan","category-veracruz"],"jetpack_publicize_connections":[],"jetpack_featured_media_url":"https:\/\/noticiasveracruz.com\/wp-content\/uploads\/2025\/03\/WhatsApp-Image-2025-03-31-at-16.44.45.jpeg","jetpack_sharing_enabled":true,"publishpress_future_action":{"enabled":false,"date":"2026-05-05 23:01:32","action":"change-status","newStatus":"draft","terms":[],"taxonomy":"category","extraData":[]},"publishpress_future_workflow_manual_trigger":{"enabledWorkflows":[]},"_links":{"self":[{"href":"https:\/\/noticiasveracruz.com\/index.php\/wp-json\/wp\/v2\/posts\/53537","targetHints":{"allow":["GET"]}}],"collection":[{"href":"https:\/\/noticiasveracruz.com\/index.php\/wp-json\/wp\/v2\/posts"}],"about":[{"href":"https:\/\/noticiasveracruz.com\/index.php\/wp-json\/wp\/v2\/types\/post"}],"author":[{"embeddable":true,"href":"https:\/\/noticiasveracruz.com\/index.php\/wp-json\/wp\/v2\/users\/4"}],"replies":[{"embeddable":true,"href":"https:\/\/noticiasveracruz.com\/index.php\/wp-json\/wp\/v2\/comments?post=53537"}],"version-history":[{"count":0,"href":"https:\/\/noticiasveracruz.com\/index.php\/wp-json\/wp\/v2\/posts\/53537\/revisions"}],"wp:featuredmedia":[{"embeddable":true,"href":"https:\/\/noticiasveracruz.com\/index.php\/wp-json\/wp\/v2\/media\/53540"}],"wp:attachment":[{"href":"https:\/\/noticiasveracruz.com\/index.php\/wp-json\/wp\/v2\/media?parent=53537"}],"wp:term":[{"taxonomy":"category","embeddable":true,"href":"https:\/\/noticiasveracruz.com\/index.php\/wp-json\/wp\/v2\/categories?post=53537"},{"taxonomy":"post_tag","embeddable":true,"href":"https:\/\/noticiasveracruz.com\/index.php\/wp-json\/wp\/v2\/tags?post=53537"}],"curies":[{"name":"wp","href":"https:\/\/api.w.org\/{rel}","templated":true}]}}