{"id":53530,"date":"2025-03-31T22:03:26","date_gmt":"2025-04-01T04:03:26","guid":{"rendered":"https:\/\/noticiasveracruz.com\/?p=53530"},"modified":"2025-03-31T22:03:26","modified_gmt":"2025-04-01T04:03:26","slug":"inicia-programa-de-desazolve-de-ollas-de-agua-para-apoyar-a-productores-agropecuarios-de-varias-comunidades-de-tuxpan","status":"publish","type":"post","link":"https:\/\/noticiasveracruz.com\/index.php\/2025\/03\/31\/inicia-programa-de-desazolve-de-ollas-de-agua-para-apoyar-a-productores-agropecuarios-de-varias-comunidades-de-tuxpan\/","title":{"rendered":"Inicia programa de desazolve de ollas de agua para apoyar a productores agropecuarios de varias comunidades de Tuxpan"},"content":{"rendered":"<p>Tuxpan, Ver., 31 de marzo de 2025.- El Gobierno de Tuxpan puso en marcha en Sabanillas, el programa de desazolve de ollas de agua (presas), en beneficio de productores agropecuarios de varias comunidades.<\/p>\n<p>El presidente municipal Dr. Jes\u00fas Fomperoza Torres explic\u00f3 que la meta es asegurar la disponibilidad de agua, para poder sortear la falta de lluvias y minimizar el riesgo de p\u00e9rdidas para los productores.<\/p>\n<p><img loading=\"lazy\" decoding=\"async\" class=\"alignnone size-medium wp-image-53535\" src=\"http:\/\/noticiasveracruz.com\/wp-content\/uploads\/2025\/03\/WhatsApp-Image-2025-03-31-at-13.41.05-300x225.jpeg\" alt=\"\" width=\"300\" height=\"225\" srcset=\"https:\/\/noticiasveracruz.com\/wp-content\/uploads\/2025\/03\/WhatsApp-Image-2025-03-31-at-13.41.05-300x225.jpeg 300w, https:\/\/noticiasveracruz.com\/wp-content\/uploads\/2025\/03\/WhatsApp-Image-2025-03-31-at-13.41.05-1024x768.jpeg 1024w, https:\/\/noticiasveracruz.com\/wp-content\/uploads\/2025\/03\/WhatsApp-Image-2025-03-31-at-13.41.05-768x576.jpeg 768w, https:\/\/noticiasveracruz.com\/wp-content\/uploads\/2025\/03\/WhatsApp-Image-2025-03-31-at-13.41.05-1536x1152.jpeg 1536w, https:\/\/noticiasveracruz.com\/wp-content\/uploads\/2025\/03\/WhatsApp-Image-2025-03-31-at-13.41.05.jpeg 1600w\" sizes=\"auto, (max-width: 300px) 100vw, 300px\" \/><\/p>\n<p>En el banderazo de inicio, el alcalde estuvo acompa\u00f1ado por la regidora Mar\u00eda del Pilar Mart\u00ednez Matesanz; el agente municipal de Sabanillas, Jonathan S\u00e1nchez \u00c1lvarez; el Jefe de Distrito 168 de la SADER, Ing. Manuel S\u00e1nchez Jacinto y los directores Jes\u00fas Carballo Serrano y Edmundo Crist\u00f3bal Cruz.<\/p>\n<p><img loading=\"lazy\" decoding=\"async\" class=\"alignnone size-medium wp-image-53534\" src=\"http:\/\/noticiasveracruz.com\/wp-content\/uploads\/2025\/03\/WhatsApp-Image-2025-03-31-at-13.41.05-3-300x225.jpeg\" alt=\"\" width=\"300\" height=\"225\" srcset=\"https:\/\/noticiasveracruz.com\/wp-content\/uploads\/2025\/03\/WhatsApp-Image-2025-03-31-at-13.41.05-3-300x225.jpeg 300w, https:\/\/noticiasveracruz.com\/wp-content\/uploads\/2025\/03\/WhatsApp-Image-2025-03-31-at-13.41.05-3-1024x768.jpeg 1024w, https:\/\/noticiasveracruz.com\/wp-content\/uploads\/2025\/03\/WhatsApp-Image-2025-03-31-at-13.41.05-3-768x576.jpeg 768w, https:\/\/noticiasveracruz.com\/wp-content\/uploads\/2025\/03\/WhatsApp-Image-2025-03-31-at-13.41.05-3-1536x1152.jpeg 1536w, https:\/\/noticiasveracruz.com\/wp-content\/uploads\/2025\/03\/WhatsApp-Image-2025-03-31-at-13.41.05-3.jpeg 1600w\" sizes=\"auto, (max-width: 300px) 100vw, 300px\" \/><\/p>\n<p>Ante productores, agentes municipales y comisariados ejidales, el Dr. Fomperoza destac\u00f3 que trabajando coordinadamente con la SEDARPA, particularmente con la Subsecretar\u00eda de Ganader\u00eda, se podr\u00e1 incrementar la cobertura de ollas de agua en nuestro municipio.<\/p>\n<p><img loading=\"lazy\" decoding=\"async\" class=\"alignnone size-medium wp-image-53533\" src=\"http:\/\/noticiasveracruz.com\/wp-content\/uploads\/2025\/03\/WhatsApp-Image-2025-03-31-at-13.41.05-2-300x214.jpeg\" alt=\"\" width=\"300\" height=\"214\" srcset=\"https:\/\/noticiasveracruz.com\/wp-content\/uploads\/2025\/03\/WhatsApp-Image-2025-03-31-at-13.41.05-2-300x214.jpeg 300w, https:\/\/noticiasveracruz.com\/wp-content\/uploads\/2025\/03\/WhatsApp-Image-2025-03-31-at-13.41.05-2-1024x730.jpeg 1024w, https:\/\/noticiasveracruz.com\/wp-content\/uploads\/2025\/03\/WhatsApp-Image-2025-03-31-at-13.41.05-2-768x547.jpeg 768w, https:\/\/noticiasveracruz.com\/wp-content\/uploads\/2025\/03\/WhatsApp-Image-2025-03-31-at-13.41.05-2-1536x1094.jpeg 1536w, https:\/\/noticiasveracruz.com\/wp-content\/uploads\/2025\/03\/WhatsApp-Image-2025-03-31-at-13.41.05-2.jpeg 1600w\" sizes=\"auto, (max-width: 300px) 100vw, 300px\" \/><\/p>\n<p>Record\u00f3 que en a\u00f1os anteriores la sequ\u00eda provoc\u00f3 la mortandad de todo tipo de ganado, causando severas p\u00e9rdidas a los peque\u00f1os productores, y esto no debe volver a ocurrir.<\/p>\n<p><img loading=\"lazy\" decoding=\"async\" class=\"alignnone size-medium wp-image-53532\" src=\"http:\/\/noticiasveracruz.com\/wp-content\/uploads\/2025\/03\/WhatsApp-Image-2025-03-31-at-13.41.05-1-300x225.jpeg\" alt=\"\" width=\"300\" height=\"225\" srcset=\"https:\/\/noticiasveracruz.com\/wp-content\/uploads\/2025\/03\/WhatsApp-Image-2025-03-31-at-13.41.05-1-300x225.jpeg 300w, https:\/\/noticiasveracruz.com\/wp-content\/uploads\/2025\/03\/WhatsApp-Image-2025-03-31-at-13.41.05-1-1024x768.jpeg 1024w, https:\/\/noticiasveracruz.com\/wp-content\/uploads\/2025\/03\/WhatsApp-Image-2025-03-31-at-13.41.05-1-768x576.jpeg 768w, https:\/\/noticiasveracruz.com\/wp-content\/uploads\/2025\/03\/WhatsApp-Image-2025-03-31-at-13.41.05-1-1536x1152.jpeg 1536w, https:\/\/noticiasveracruz.com\/wp-content\/uploads\/2025\/03\/WhatsApp-Image-2025-03-31-at-13.41.05-1.jpeg 1600w\" sizes=\"auto, (max-width: 300px) 100vw, 300px\" \/><\/p>\n<p>Del mismo modo, dio a conocer a los campesinos presentes que el Ayuntamiento los va a apoyar con el traslado de fertilizante gratuito, para que no gasten en flete.<\/p>\n<p>Por su parte, el agente municipal de Sabanillas, David Jonathan S\u00e1nchez agradeci\u00f3 al presidente municipal por los trabajos que se van a realizar, ya que ten\u00edan varios a\u00f1os gestion\u00e1ndolos.<\/p>\n<p>El Ing. Manuel S\u00e1nchez Jacinto, jefe de distrito de SADER, reconoci\u00f3 que el presidente municipal Dr. Jes\u00fas Fomperoza est\u00e1 brindando un fuerte apoyo a los productores del campo y destac\u00f3 la coordinaci\u00f3n que existe entre los 3 niveles de gobierno.<\/p>\n<p>Por \u00faltimo, todos los presentes participaron en el banderazo de inicio de los trabajos de desazolve.<\/p>\n","protected":false},"excerpt":{"rendered":"<p>Tuxpan, Ver., 31 de marzo de 2025.- El Gobierno de Tuxpan puso en marcha en Sabanillas, el programa de desazolve<\/p>\n","protected":false},"author":4,"featured_media":53531,"comment_status":"closed","ping_status":"closed","sticky":false,"template":"","format":"standard","meta":{"colormag_page_container_layout":"default_layout","colormag_page_sidebar_layout":"default_layout","_jetpack_memberships_contains_paid_content":false,"footnotes":"","jetpack_publicize_message":"","jetpack_publicize_feature_enabled":true,"jetpack_social_post_already_shared":true,"jetpack_social_options":{"image_generator_settings":{"template":"highway","default_image_id":0,"font":"","enabled":false},"version":2}},"categories":[3372,356],"tags":[],"class_list":["post-53530","post","type-post","status-publish","format-standard","has-post-thumbnail","hentry","category-gobierno-tuxpan","category-veracruz"],"jetpack_publicize_connections":[],"jetpack_featured_media_url":"https:\/\/noticiasveracruz.com\/wp-content\/uploads\/2025\/03\/WhatsApp-Image-2025-03-31-at-13.41.04.jpeg","jetpack_sharing_enabled":true,"publishpress_future_action":{"enabled":false,"date":"2026-05-05 23:01:33","action":"change-status","newStatus":"draft","terms":[],"taxonomy":"category","extraData":[]},"publishpress_future_workflow_manual_trigger":{"enabledWorkflows":[]},"_links":{"self":[{"href":"https:\/\/noticiasveracruz.com\/index.php\/wp-json\/wp\/v2\/posts\/53530","targetHints":{"allow":["GET"]}}],"collection":[{"href":"https:\/\/noticiasveracruz.com\/index.php\/wp-json\/wp\/v2\/posts"}],"about":[{"href":"https:\/\/noticiasveracruz.com\/index.php\/wp-json\/wp\/v2\/types\/post"}],"author":[{"embeddable":true,"href":"https:\/\/noticiasveracruz.com\/index.php\/wp-json\/wp\/v2\/users\/4"}],"replies":[{"embeddable":true,"href":"https:\/\/noticiasveracruz.com\/index.php\/wp-json\/wp\/v2\/comments?post=53530"}],"version-history":[{"count":0,"href":"https:\/\/noticiasveracruz.com\/index.php\/wp-json\/wp\/v2\/posts\/53530\/revisions"}],"wp:featuredmedia":[{"embeddable":true,"href":"https:\/\/noticiasveracruz.com\/index.php\/wp-json\/wp\/v2\/media\/53531"}],"wp:attachment":[{"href":"https:\/\/noticiasveracruz.com\/index.php\/wp-json\/wp\/v2\/media?parent=53530"}],"wp:term":[{"taxonomy":"category","embeddable":true,"href":"https:\/\/noticiasveracruz.com\/index.php\/wp-json\/wp\/v2\/categories?post=53530"},{"taxonomy":"post_tag","embeddable":true,"href":"https:\/\/noticiasveracruz.com\/index.php\/wp-json\/wp\/v2\/tags?post=53530"}],"curies":[{"name":"wp","href":"https:\/\/api.w.org\/{rel}","templated":true}]}}