{"id":53521,"date":"2025-03-31T21:59:13","date_gmt":"2025-04-01T03:59:13","guid":{"rendered":"https:\/\/noticiasveracruz.com\/?p=53521"},"modified":"2025-03-31T21:59:13","modified_gmt":"2025-04-01T03:59:13","slug":"realizan-lunes-civico-en-el-marco-de-la-conmemoracion-por-el-dia-mundial-del-autismo","status":"publish","type":"post","link":"https:\/\/noticiasveracruz.com\/index.php\/2025\/03\/31\/realizan-lunes-civico-en-el-marco-de-la-conmemoracion-por-el-dia-mundial-del-autismo\/","title":{"rendered":"Realizan Lunes C\u00edvico en el marco de la conmemoraci\u00f3n por el D\u00eda Mundial del Autismo"},"content":{"rendered":"<p>Tuxpan, Ver., 31 de marzo de 2025.- En el marco de la conmemoraci\u00f3n por el D\u00eda Mundial de Concienciaci\u00f3n sobre el Autismo, el gobierno de Tuxpan realiz\u00f3 el Lunes C\u00edvico en el que particip\u00f3 el Jard\u00edn de Ni\u00f1os Veracruz.<\/p>\n<p><img loading=\"lazy\" decoding=\"async\" class=\"alignnone size-medium wp-image-53528\" src=\"http:\/\/noticiasveracruz.com\/wp-content\/uploads\/2025\/03\/WhatsApp-Image-2025-03-31-at-13.19.17-300x169.jpeg\" alt=\"\" width=\"300\" height=\"169\" srcset=\"https:\/\/noticiasveracruz.com\/wp-content\/uploads\/2025\/03\/WhatsApp-Image-2025-03-31-at-13.19.17-300x169.jpeg 300w, https:\/\/noticiasveracruz.com\/wp-content\/uploads\/2025\/03\/WhatsApp-Image-2025-03-31-at-13.19.17-1024x576.jpeg 1024w, https:\/\/noticiasveracruz.com\/wp-content\/uploads\/2025\/03\/WhatsApp-Image-2025-03-31-at-13.19.17-768x432.jpeg 768w, https:\/\/noticiasveracruz.com\/wp-content\/uploads\/2025\/03\/WhatsApp-Image-2025-03-31-at-13.19.17-1536x864.jpeg 1536w, https:\/\/noticiasveracruz.com\/wp-content\/uploads\/2025\/03\/WhatsApp-Image-2025-03-31-at-13.19.17.jpeg 1600w\" sizes=\"auto, (max-width: 300px) 100vw, 300px\" \/> <img loading=\"lazy\" decoding=\"async\" class=\"alignnone size-medium wp-image-53527\" src=\"http:\/\/noticiasveracruz.com\/wp-content\/uploads\/2025\/03\/WhatsApp-Image-2025-03-31-at-13.19.16-300x169.jpeg\" alt=\"\" width=\"300\" height=\"169\" srcset=\"https:\/\/noticiasveracruz.com\/wp-content\/uploads\/2025\/03\/WhatsApp-Image-2025-03-31-at-13.19.16-300x169.jpeg 300w, https:\/\/noticiasveracruz.com\/wp-content\/uploads\/2025\/03\/WhatsApp-Image-2025-03-31-at-13.19.16-1024x576.jpeg 1024w, https:\/\/noticiasveracruz.com\/wp-content\/uploads\/2025\/03\/WhatsApp-Image-2025-03-31-at-13.19.16-768x432.jpeg 768w, https:\/\/noticiasveracruz.com\/wp-content\/uploads\/2025\/03\/WhatsApp-Image-2025-03-31-at-13.19.16-1536x864.jpeg 1536w, https:\/\/noticiasveracruz.com\/wp-content\/uploads\/2025\/03\/WhatsApp-Image-2025-03-31-at-13.19.16.jpeg 1600w\" sizes=\"auto, (max-width: 300px) 100vw, 300px\" \/><\/p>\n<p>El acto estuvo encabezado por el director de Educaci\u00f3n, Prof. Jorge Arturo Garc\u00eda Robles, en representaci\u00f3n del alcalde Dr. Jes\u00fas Fomperoza Torres; Isabel Cruz Cobos, de la regidur\u00eda comisionada en Educaci\u00f3n; el Ing. Sergio Alejandro Cruz, de la Delegaci\u00f3n Regional de la SEV.<\/p>\n<p><img loading=\"lazy\" decoding=\"async\" class=\"alignnone size-medium wp-image-53526\" src=\"http:\/\/noticiasveracruz.com\/wp-content\/uploads\/2025\/03\/WhatsApp-Image-2025-03-31-at-13.19.16-2-300x169.jpeg\" alt=\"\" width=\"300\" height=\"169\" srcset=\"https:\/\/noticiasveracruz.com\/wp-content\/uploads\/2025\/03\/WhatsApp-Image-2025-03-31-at-13.19.16-2-300x169.jpeg 300w, https:\/\/noticiasveracruz.com\/wp-content\/uploads\/2025\/03\/WhatsApp-Image-2025-03-31-at-13.19.16-2-1024x575.jpeg 1024w, https:\/\/noticiasveracruz.com\/wp-content\/uploads\/2025\/03\/WhatsApp-Image-2025-03-31-at-13.19.16-2-768x432.jpeg 768w, https:\/\/noticiasveracruz.com\/wp-content\/uploads\/2025\/03\/WhatsApp-Image-2025-03-31-at-13.19.16-2-1536x863.jpeg 1536w, https:\/\/noticiasveracruz.com\/wp-content\/uploads\/2025\/03\/WhatsApp-Image-2025-03-31-at-13.19.16-2.jpeg 1600w\" sizes=\"auto, (max-width: 300px) 100vw, 300px\" \/> <img loading=\"lazy\" decoding=\"async\" class=\"alignnone size-medium wp-image-53525\" src=\"http:\/\/noticiasveracruz.com\/wp-content\/uploads\/2025\/03\/WhatsApp-Image-2025-03-31-at-13.19.16-1-300x169.jpeg\" alt=\"\" width=\"300\" height=\"169\" srcset=\"https:\/\/noticiasveracruz.com\/wp-content\/uploads\/2025\/03\/WhatsApp-Image-2025-03-31-at-13.19.16-1-300x169.jpeg 300w, https:\/\/noticiasveracruz.com\/wp-content\/uploads\/2025\/03\/WhatsApp-Image-2025-03-31-at-13.19.16-1-1024x576.jpeg 1024w, https:\/\/noticiasveracruz.com\/wp-content\/uploads\/2025\/03\/WhatsApp-Image-2025-03-31-at-13.19.16-1-768x432.jpeg 768w, https:\/\/noticiasveracruz.com\/wp-content\/uploads\/2025\/03\/WhatsApp-Image-2025-03-31-at-13.19.16-1-1536x864.jpeg 1536w, https:\/\/noticiasveracruz.com\/wp-content\/uploads\/2025\/03\/WhatsApp-Image-2025-03-31-at-13.19.16-1.jpeg 1600w\" sizes=\"auto, (max-width: 300px) 100vw, 300px\" \/><\/p>\n<p>La Mtra. Mirna del Roc\u00edo Ba\u00f1os, en representaci\u00f3n de la directora del instituto escolar participante; el Lic. Bibiano Herrera G\u00f3mez, coordinador del IVEA en Tuxpan; la Mtra. Mar\u00eda Eugenia Marcial Morales, en representaci\u00f3n de la Supervisi\u00f3n Escolar Zona 077.<\/p>\n<p><img loading=\"lazy\" decoding=\"async\" class=\"alignnone size-medium wp-image-53524\" src=\"http:\/\/noticiasveracruz.com\/wp-content\/uploads\/2025\/03\/WhatsApp-Image-2025-03-31-at-13.19.15-300x169.jpeg\" alt=\"\" width=\"300\" height=\"169\" srcset=\"https:\/\/noticiasveracruz.com\/wp-content\/uploads\/2025\/03\/WhatsApp-Image-2025-03-31-at-13.19.15-300x169.jpeg 300w, https:\/\/noticiasveracruz.com\/wp-content\/uploads\/2025\/03\/WhatsApp-Image-2025-03-31-at-13.19.15-1024x576.jpeg 1024w, https:\/\/noticiasveracruz.com\/wp-content\/uploads\/2025\/03\/WhatsApp-Image-2025-03-31-at-13.19.15-768x432.jpeg 768w, https:\/\/noticiasveracruz.com\/wp-content\/uploads\/2025\/03\/WhatsApp-Image-2025-03-31-at-13.19.15-1536x864.jpeg 1536w, https:\/\/noticiasveracruz.com\/wp-content\/uploads\/2025\/03\/WhatsApp-Image-2025-03-31-at-13.19.15.jpeg 1600w\" sizes=\"auto, (max-width: 300px) 100vw, 300px\" \/><\/p>\n<p>Las peque\u00f1as y los peque\u00f1os dirigieron los honores al l\u00e1baro patrio y el juramento a la bandera; presentaron las efem\u00e9rides m\u00e1s importantes de esta semana y una poes\u00eda titulada \u201cel autismo\u201d.<\/p>\n<p><img loading=\"lazy\" decoding=\"async\" class=\"alignnone size-medium wp-image-53523\" src=\"http:\/\/noticiasveracruz.com\/wp-content\/uploads\/2025\/03\/WhatsApp-Image-2025-03-31-at-13.19.15-2-300x169.jpeg\" alt=\"\" width=\"300\" height=\"169\" srcset=\"https:\/\/noticiasveracruz.com\/wp-content\/uploads\/2025\/03\/WhatsApp-Image-2025-03-31-at-13.19.15-2-300x169.jpeg 300w, https:\/\/noticiasveracruz.com\/wp-content\/uploads\/2025\/03\/WhatsApp-Image-2025-03-31-at-13.19.15-2-1024x576.jpeg 1024w, https:\/\/noticiasveracruz.com\/wp-content\/uploads\/2025\/03\/WhatsApp-Image-2025-03-31-at-13.19.15-2-768x432.jpeg 768w, https:\/\/noticiasveracruz.com\/wp-content\/uploads\/2025\/03\/WhatsApp-Image-2025-03-31-at-13.19.15-2-1536x864.jpeg 1536w, https:\/\/noticiasveracruz.com\/wp-content\/uploads\/2025\/03\/WhatsApp-Image-2025-03-31-at-13.19.15-2.jpeg 1600w\" sizes=\"auto, (max-width: 300px) 100vw, 300px\" \/><\/p>\n<p>En el acto tambi\u00e9n estuvieron presentes personal docente y administrativo del jard\u00edn de ni\u00f1os Veracruz; madres y padres de familia; elementos de la Polic\u00eda Municipal y Tur\u00edstica, Protecci\u00f3n Civil y del Honorable Cuerpo de Bomberos.<\/p>\n","protected":false},"excerpt":{"rendered":"<p>Tuxpan, Ver., 31 de marzo de 2025.- En el marco de la conmemoraci\u00f3n por el D\u00eda Mundial de Concienciaci\u00f3n sobre<\/p>\n","protected":false},"author":4,"featured_media":53522,"comment_status":"closed","ping_status":"closed","sticky":false,"template":"","format":"standard","meta":{"colormag_page_container_layout":"default_layout","colormag_page_sidebar_layout":"default_layout","_jetpack_memberships_contains_paid_content":false,"footnotes":"","jetpack_publicize_message":"","jetpack_publicize_feature_enabled":true,"jetpack_social_post_already_shared":true,"jetpack_social_options":{"image_generator_settings":{"template":"highway","default_image_id":0,"font":"","enabled":false},"version":2}},"categories":[3372,356],"tags":[],"class_list":["post-53521","post","type-post","status-publish","format-standard","has-post-thumbnail","hentry","category-gobierno-tuxpan","category-veracruz"],"jetpack_publicize_connections":[],"jetpack_featured_media_url":"https:\/\/noticiasveracruz.com\/wp-content\/uploads\/2025\/03\/WhatsApp-Image-2025-03-31-at-13.19.15-1.jpeg","jetpack_sharing_enabled":true,"publishpress_future_action":{"enabled":false,"date":"2026-05-05 23:04:13","action":"change-status","newStatus":"draft","terms":[],"taxonomy":"category","extraData":[]},"publishpress_future_workflow_manual_trigger":{"enabledWorkflows":[]},"_links":{"self":[{"href":"https:\/\/noticiasveracruz.com\/index.php\/wp-json\/wp\/v2\/posts\/53521","targetHints":{"allow":["GET"]}}],"collection":[{"href":"https:\/\/noticiasveracruz.com\/index.php\/wp-json\/wp\/v2\/posts"}],"about":[{"href":"https:\/\/noticiasveracruz.com\/index.php\/wp-json\/wp\/v2\/types\/post"}],"author":[{"embeddable":true,"href":"https:\/\/noticiasveracruz.com\/index.php\/wp-json\/wp\/v2\/users\/4"}],"replies":[{"embeddable":true,"href":"https:\/\/noticiasveracruz.com\/index.php\/wp-json\/wp\/v2\/comments?post=53521"}],"version-history":[{"count":0,"href":"https:\/\/noticiasveracruz.com\/index.php\/wp-json\/wp\/v2\/posts\/53521\/revisions"}],"wp:featuredmedia":[{"embeddable":true,"href":"https:\/\/noticiasveracruz.com\/index.php\/wp-json\/wp\/v2\/media\/53522"}],"wp:attachment":[{"href":"https:\/\/noticiasveracruz.com\/index.php\/wp-json\/wp\/v2\/media?parent=53521"}],"wp:term":[{"taxonomy":"category","embeddable":true,"href":"https:\/\/noticiasveracruz.com\/index.php\/wp-json\/wp\/v2\/categories?post=53521"},{"taxonomy":"post_tag","embeddable":true,"href":"https:\/\/noticiasveracruz.com\/index.php\/wp-json\/wp\/v2\/tags?post=53521"}],"curies":[{"name":"wp","href":"https:\/\/api.w.org\/{rel}","templated":true}]}}