{"id":53504,"date":"2025-03-31T01:15:34","date_gmt":"2025-03-31T07:15:34","guid":{"rendered":"https:\/\/noticiasveracruz.com\/?p=53504"},"modified":"2025-03-31T01:15:34","modified_gmt":"2025-03-31T07:15:34","slug":"elecciones-judiciales","status":"publish","type":"post","link":"https:\/\/noticiasveracruz.com\/index.php\/2025\/03\/31\/elecciones-judiciales\/","title":{"rendered":"Elecciones judiciales"},"content":{"rendered":"<p>La selecci\u00f3n de los candidatos que ir\u00e1n a las urnas en b\u00fasqueda de la plaza de jueces, magistrados y ministros de la SCJN no ha sido lo rigurosa que debiese haberse realizado.<\/p>\n<p>Hay denuncias ciudadanas sobre la inegibilidad de algunos candidatos que tienen historial que pone en entredicho su reputaci\u00f3n y confiabilidad, lo cual genera riesgos futuros en la impartici\u00f3n de justicia. Por ello veremos la liberaci\u00f3n de criminales y por otra parte la encarcelaci\u00f3n de enemigos pol\u00edticos y gente inc\u00f3moda, para quienes gobiernan y todo esto derivado de la manipulaci\u00f3n de la interpretaci\u00f3n de la ley.<\/p>\n<p>El abuso de la gente vulnerable por parte de los c\u00e1rteles genera impunidad, porque los cr\u00edmenes terminan siendo ignorados, -tanto por la polic\u00eda como por la misma sociedad-, y s\u00f3lo cuando las v\u00edctimas tienen un nivel social de clase media para arriba y tienen capacidad de movilizaci\u00f3n social, es cuando el crimen trasciende medi\u00e1ticamente y por fin nos enteramos.<\/p>\n<p>El descubrimiento p\u00fablico del Rancho Izaguirre como un centro de entrenamiento criminal y quiz\u00e1 campo de exterminio, -que sin embargo s\u00ed era conocido por las autoridades-, ha puesto sobre la mesa los riesgos de una elecci\u00f3n de funcionarios judiciales seleccionados de forma improvisada y seguramente manipulada por el gobierno en funciones.<\/p>\n<p>El panorama criminal se manifiesta complejo puesto que hoy descubrimos que un importante porcentaje de sicarios y colaboradores de los c\u00e1rteles han sido reclutados por la fuerza, -o a trav\u00e9s de enga\u00f1os-, manipulando ofertas de trabajo ficticias, lo cual les convierte en v\u00edctimas. Sin embargo, \u00e9sto abre cuestionamientos respecto al manejo moral y \u00e9tico de la impartici\u00f3n de justicia.<\/p>\n<p>No se ha considerado que muchos de los que hoy forman parte de los c\u00e1rteles fueron secuestrados y coaccionados a trav\u00e9s de la violencia y se integraron al grupo delictivo por miedo, simplemente movidos por un desesperado instinto de sobrevivencia.<\/p>\n<p>Adem\u00e1s, este perfil de delincuentes al haber sido forzados, quiz\u00e1 est\u00e9n en posibilidad de desertar para intentar rescatar su vida anterior. Sin embargo, requieren de toda una estrategia para desertar y recibir una nueva identidad, lo cual no puede ser realizado de forma improvisada.<\/p>\n<p>El panorama es complejo y de grandes riesgos y la renovaci\u00f3n del cuerpo de impartidores de justicia a partir de esta reforma judicial manipulada, seguramente va a complicar este contexto de modo irreversible.<\/p>\n<p>La impartici\u00f3n de justicia se retrasar\u00e1 aumentando la impunidad, simplemente por el tiempo de ajuste y adaptaci\u00f3n. A esto a\u00f1adamos los compromisos con que llegar\u00e1n los nuevos impartidores de justicia, con quienes les impulsaron y ayudaron a llegar al cargo. La calidad moral y la madurez emocional han sido dos aspectos ignorados en la selecci\u00f3n de candidatos y de ello se derivar\u00e1 la posibilidad de corrupci\u00f3n.<\/p>\n<p>Entorno complicado y una sustituci\u00f3n radical en el equipo de impartidores de justicia, -seleccionados de modo improvisado y a la carrera-, nos presenta la posibilidad de una crisis en la impartici\u00f3n de justicia, que puede terminar poniendo en riesgo la gobernabilidad.<\/p>\n<p>\u00bfA usted qu\u00e9 le parece?<\/p>\n<p><img loading=\"lazy\" decoding=\"async\" class=\"alignnone wp-image-53494 size-full\" src=\"http:\/\/noticiasveracruz.com\/wp-content\/uploads\/2025\/03\/FIRMA-EDITORIAL-PD-8.jpg\" alt=\"\" width=\"1024\" height=\"125\" srcset=\"https:\/\/noticiasveracruz.com\/wp-content\/uploads\/2025\/03\/FIRMA-EDITORIAL-PD-8.jpg 1024w, https:\/\/noticiasveracruz.com\/wp-content\/uploads\/2025\/03\/FIRMA-EDITORIAL-PD-8-300x37.jpg 300w, https:\/\/noticiasveracruz.com\/wp-content\/uploads\/2025\/03\/FIRMA-EDITORIAL-PD-8-768x94.jpg 768w\" sizes=\"auto, (max-width: 1024px) 100vw, 1024px\" \/><\/p>\n","protected":false},"excerpt":{"rendered":"<p>La selecci\u00f3n de los candidatos que ir\u00e1n a las urnas en b\u00fasqueda de la plaza de jueces, magistrados y ministros<\/p>\n","protected":false},"author":4,"featured_media":44976,"comment_status":"closed","ping_status":"closed","sticky":false,"template":"","format":"standard","meta":{"colormag_page_container_layout":"default_layout","colormag_page_sidebar_layout":"default_layout","_jetpack_memberships_contains_paid_content":false,"footnotes":"","jetpack_publicize_message":"","jetpack_publicize_feature_enabled":true,"jetpack_social_post_already_shared":true,"jetpack_social_options":{"image_generator_settings":{"template":"highway","default_image_id":0,"font":"","enabled":false},"version":2}},"categories":[6],"tags":[],"class_list":["post-53504","post","type-post","status-publish","format-standard","has-post-thumbnail","hentry","category-columnistas"],"jetpack_publicize_connections":[],"jetpack_featured_media_url":"https:\/\/noticiasveracruz.com\/wp-content\/uploads\/2024\/11\/NV-RICARDO-HOMS.jpg","jetpack_sharing_enabled":true,"publishpress_future_action":{"enabled":false,"date":"2026-05-08 05:08:19","action":"change-status","newStatus":"draft","terms":[],"taxonomy":"category","extraData":[]},"publishpress_future_workflow_manual_trigger":{"enabledWorkflows":[]},"_links":{"self":[{"href":"https:\/\/noticiasveracruz.com\/index.php\/wp-json\/wp\/v2\/posts\/53504","targetHints":{"allow":["GET"]}}],"collection":[{"href":"https:\/\/noticiasveracruz.com\/index.php\/wp-json\/wp\/v2\/posts"}],"about":[{"href":"https:\/\/noticiasveracruz.com\/index.php\/wp-json\/wp\/v2\/types\/post"}],"author":[{"embeddable":true,"href":"https:\/\/noticiasveracruz.com\/index.php\/wp-json\/wp\/v2\/users\/4"}],"replies":[{"embeddable":true,"href":"https:\/\/noticiasveracruz.com\/index.php\/wp-json\/wp\/v2\/comments?post=53504"}],"version-history":[{"count":0,"href":"https:\/\/noticiasveracruz.com\/index.php\/wp-json\/wp\/v2\/posts\/53504\/revisions"}],"wp:featuredmedia":[{"embeddable":true,"href":"https:\/\/noticiasveracruz.com\/index.php\/wp-json\/wp\/v2\/media\/44976"}],"wp:attachment":[{"href":"https:\/\/noticiasveracruz.com\/index.php\/wp-json\/wp\/v2\/media?parent=53504"}],"wp:term":[{"taxonomy":"category","embeddable":true,"href":"https:\/\/noticiasveracruz.com\/index.php\/wp-json\/wp\/v2\/categories?post=53504"},{"taxonomy":"post_tag","embeddable":true,"href":"https:\/\/noticiasveracruz.com\/index.php\/wp-json\/wp\/v2\/tags?post=53504"}],"curies":[{"name":"wp","href":"https:\/\/api.w.org\/{rel}","templated":true}]}}