{"id":53493,"date":"2025-03-31T01:06:22","date_gmt":"2025-03-31T07:06:22","guid":{"rendered":"https:\/\/noticiasveracruz.com\/?p=53493"},"modified":"2025-03-31T01:06:22","modified_gmt":"2025-03-31T07:06:22","slug":"la-maquinaria-esta-lista-batres-para-presidenta-de-la-corte","status":"publish","type":"post","link":"https:\/\/noticiasveracruz.com\/index.php\/2025\/03\/31\/la-maquinaria-esta-lista-batres-para-presidenta-de-la-corte\/","title":{"rendered":"La maquinaria est\u00e1 lista: Batres para presidenta de la Corte"},"content":{"rendered":"<p>El domingo iniciaron las campa\u00f1as judiciales.<\/p>\n<p>Candidatos para todo: ministras y ministros, magistradas y magistrados, juezas y jueces para todo el pa\u00eds.<\/p>\n<p>Esa es la democracia, seg\u00fan el discurso oficial.<\/p>\n<p>Pero atr\u00e1s de la propaganda hay otros datos y eso pasa por las estructuras de gobierno, de su partido y de las organizaciones afines.<\/p>\n<p>\u00bfPara qu\u00e9?<\/p>\n<p>Para actuar y promover por todos los medios los nombres -o los n\u00fameros, porque qui\u00e9n los conoce- a los interesados de ir a votar el 1 de junio.<\/p>\n<p>Las estad\u00edsticas no dan para el entusiasmo, pues seg\u00fan la presidenta del Instituto Nacional Electoral (INE, tan identificada, tan incondicional) no espera m\u00e1s all\u00e1 de un 15 por ciento de participaci\u00f3n ciudadana.<\/p>\n<p>Poco importa cu\u00e1nto se gaste, pues ha habido una gran danza de cifras, de casillas a instalar, de funcionarios de casillas ahora rebautizados centros de votaci\u00f3n y as\u00ed la indefinici\u00f3n.<\/p>\n<p><strong>LOS PROGRAMAS SOCIALES<\/strong><\/p>\n<p>Pero eso es secundario.<\/p>\n<p>Hoy toca hablar de las aspirantes a presidir la Suprema Corte de Justicia Nacional (SCJN) para deshacerse de\u00a0<strong>Norma Luc\u00eda Pi\u00f1a Hern\u00e1ndez<\/strong>, tan inc\u00f3moda a Palacio Nacional desde\u00a0<strong>Andr\u00e9s Manuel L\u00f3pez Obrador.<\/strong><\/p>\n<p>La reforma judicial, como en los pa\u00edses bananeros, tiene dedicatorias personales y en este caso las beneficiarias son tres:\u00a0<strong>Loretta Ortiz<\/strong>,\u00a0<strong>Yasm\u00edn Esquivel<\/strong>\u00a0y\u00a0<strong>Lenia Batres Guadarrama<\/strong>.<\/p>\n<p>\u00a1Ah,\u00a0<strong>Lenia Batres<\/strong>!<\/p>\n<p>Es la \u00fanica ministra designada por el dedo presidencial de\u00a0<strong>Andr\u00e9s Manuel L\u00f3pez Obrador\u00a0<\/strong>tras enviar ternas al Senado de la Rep\u00fablica con la instrucci\u00f3n evidente de no aprobar a la vacante abierta por\u00a0<strong>Arturo Zald\u00edvar<\/strong>.<\/p>\n<p>Hoy es la favorita.<\/p>\n<p>Y mire usted:\u00a0<strong>Yasm\u00edn Esquivel<\/strong>, la otra aspirante a presidir el m\u00e1ximo tribunal del pa\u00eds, no pasa por buenos momentos porque, ya sabe usted, est\u00e1 confrontada con la UNAM y las barras de abogados.<\/p>\n<p>Por lo tanto, en espera de la decisi\u00f3n final del jefe superior,\u00a0<strong>Lenia Batres Guadarrama\u00a0<\/strong>puede seguir en campa\u00f1a y en espera desde el domingo pr\u00f3ximo -cuando inician las campa\u00f1as- para ser la beneficiaria del voto corporativo.<\/p>\n<p>Con una acotaci\u00f3n: en la Ciudad de M\u00e9xico nadie le quita la popularidad y en el pa\u00eds est\u00e1 la estructura de los grupos morenistas duros y por supuesto de la burocracia afiliada al ISSSTE, donde su hermano\u00a0<strong>Mart\u00ed Batres<\/strong>\u00a0es director.<\/p>\n<p>Pero tambi\u00e9n los cuerpos electorales del gobierno con nombres de beneficencia p\u00fablica -J\u00f3venes Construyendo el futuro, Sembrando Vida, Pensiones para el Bienestar y dem\u00e1s- con sus visitas casa por casa.<\/p>\n<p>Veremos los resultados\u2026 salvo que el jefe m\u00e1ximo cambie de opini\u00f3n a petici\u00f3n de su empresario favorito.<\/p>\n<p><strong>IMSS-BIENESTAR SIN ULLOA<\/strong><\/p>\n<p>1.- Pidi\u00f3 licencia para irse a dirigir IMSS-Bienestar pero el diputado\u00a0<strong>Carlos Ulloa<\/strong>\u00a0sigue en casa en espera del nombramiento oficial.<\/p>\n<p>Dicen en las altas esferas: fue un error porque primero debi\u00f3 darse la designaci\u00f3n y luego el proceso legislativo para permitirle llegar.<\/p>\n<p>Mientras sigue al frente de IMSS-Bienestar\u00a0<strong>Alejandro Svarch<\/strong>, cuya llegada cay\u00f3 muy mal por su cuestionado desempe\u00f1o en Cofepris.<\/p>\n<p>Ni modo:\u00a0<strong>Ulloa\u00a0<\/strong>ha tenido la mala suerte como\u00a0<strong>Salom\u00f3n C\u00e9spedes<\/strong>, a quien tambi\u00e9n de antemano se le design\u00f3 para el Instituto Nacional de Migraci\u00f3n donde sigue firme\u00a0<strong>Francisco Gardu\u00f1o<\/strong>, designado por\u00a0<strong>Andr\u00e9s Manuel L\u00f3pez Obrador<\/strong>.<\/p>\n<p>Y 2.- Vaya otro avance, a prop\u00f3sito de promociones electorales: ya se preparan reformas para guardar informaci\u00f3n de los programas sociales a fin de declararlos de\u00a0<strong><em>seguridad nacional<\/em>.<\/strong><\/p>\n<p>De esa manera, es la pretensi\u00f3n, no conoceremos los padrones de beneficiarios ni cu\u00e1nto ni c\u00f3mo reciben los recursos pagados con los impuestos de todos los mexicanos.<\/p>\n<p><img loading=\"lazy\" decoding=\"async\" class=\"alignnone wp-image-53494 size-full\" src=\"http:\/\/noticiasveracruz.com\/wp-content\/uploads\/2025\/03\/FIRMA-EDITORIAL-PD-8.jpg\" alt=\"\" width=\"1024\" height=\"125\" srcset=\"https:\/\/noticiasveracruz.com\/wp-content\/uploads\/2025\/03\/FIRMA-EDITORIAL-PD-8.jpg 1024w, https:\/\/noticiasveracruz.com\/wp-content\/uploads\/2025\/03\/FIRMA-EDITORIAL-PD-8-300x37.jpg 300w, https:\/\/noticiasveracruz.com\/wp-content\/uploads\/2025\/03\/FIRMA-EDITORIAL-PD-8-768x94.jpg 768w\" sizes=\"auto, (max-width: 1024px) 100vw, 1024px\" \/><\/p>\n","protected":false},"excerpt":{"rendered":"<p>El domingo iniciaron las campa\u00f1as judiciales. Candidatos para todo: ministras y ministros, magistradas y magistrados, juezas y jueces para todo<\/p>\n","protected":false},"author":4,"featured_media":28549,"comment_status":"closed","ping_status":"closed","sticky":false,"template":"","format":"standard","meta":{"colormag_page_container_layout":"default_layout","colormag_page_sidebar_layout":"default_layout","_jetpack_memberships_contains_paid_content":false,"footnotes":"","jetpack_publicize_message":"","jetpack_publicize_feature_enabled":true,"jetpack_social_post_already_shared":true,"jetpack_social_options":{"image_generator_settings":{"template":"highway","default_image_id":0,"font":"","enabled":false},"version":2}},"categories":[6],"tags":[],"class_list":["post-53493","post","type-post","status-publish","format-standard","has-post-thumbnail","hentry","category-columnistas"],"jetpack_publicize_connections":[],"jetpack_featured_media_url":"https:\/\/noticiasveracruz.com\/wp-content\/uploads\/2024\/04\/BANNER-JOSE-URENA-NV.jpg","jetpack_sharing_enabled":true,"publishpress_future_action":{"enabled":false,"date":"2026-05-08 09:04:08","action":"change-status","newStatus":"draft","terms":[],"taxonomy":"category","extraData":[]},"publishpress_future_workflow_manual_trigger":{"enabledWorkflows":[]},"_links":{"self":[{"href":"https:\/\/noticiasveracruz.com\/index.php\/wp-json\/wp\/v2\/posts\/53493","targetHints":{"allow":["GET"]}}],"collection":[{"href":"https:\/\/noticiasveracruz.com\/index.php\/wp-json\/wp\/v2\/posts"}],"about":[{"href":"https:\/\/noticiasveracruz.com\/index.php\/wp-json\/wp\/v2\/types\/post"}],"author":[{"embeddable":true,"href":"https:\/\/noticiasveracruz.com\/index.php\/wp-json\/wp\/v2\/users\/4"}],"replies":[{"embeddable":true,"href":"https:\/\/noticiasveracruz.com\/index.php\/wp-json\/wp\/v2\/comments?post=53493"}],"version-history":[{"count":0,"href":"https:\/\/noticiasveracruz.com\/index.php\/wp-json\/wp\/v2\/posts\/53493\/revisions"}],"wp:featuredmedia":[{"embeddable":true,"href":"https:\/\/noticiasveracruz.com\/index.php\/wp-json\/wp\/v2\/media\/28549"}],"wp:attachment":[{"href":"https:\/\/noticiasveracruz.com\/index.php\/wp-json\/wp\/v2\/media?parent=53493"}],"wp:term":[{"taxonomy":"category","embeddable":true,"href":"https:\/\/noticiasveracruz.com\/index.php\/wp-json\/wp\/v2\/categories?post=53493"},{"taxonomy":"post_tag","embeddable":true,"href":"https:\/\/noticiasveracruz.com\/index.php\/wp-json\/wp\/v2\/tags?post=53493"}],"curies":[{"name":"wp","href":"https:\/\/api.w.org\/{rel}","templated":true}]}}