{"id":53490,"date":"2025-03-31T01:03:12","date_gmt":"2025-03-31T07:03:12","guid":{"rendered":"https:\/\/noticiasveracruz.com\/?p=53490"},"modified":"2025-03-31T01:03:12","modified_gmt":"2025-03-31T07:03:12","slug":"asciende-a-mil-700-muertos-tras-terremoto-en-myanmar","status":"publish","type":"post","link":"https:\/\/noticiasveracruz.com\/index.php\/2025\/03\/31\/asciende-a-mil-700-muertos-tras-terremoto-en-myanmar\/","title":{"rendered":"Asciende a mil 700 muertos tras terremoto en Myanmar"},"content":{"rendered":"<p class=\"nota-justify\">El n\u00famero de v\u00edctimas del terremoto en Myanmar sigui\u00f3 aumentando este domingo, mientras equipos de rescate y ayuda extranjeros llegaban con rapidez al empobrecido pa\u00eds, donde los hospitales est\u00e1n abrumados y algunas comunidades se apresuraban a organizar operaciones de salvamento con recursos limitados.<\/p>\n<p class=\"nota-justify\">Un terremoto de magnitud 7.7, uno de los m\u00e1s fuertes que sufre Myanmar en un siglo, sacudi\u00f3 el viernes a la naci\u00f3n del sudeste asi\u00e1tico devastada por la guerra, dejando alrededor de mil 700 personas muertas, 3 mil 400 heridas y m\u00e1s de 300 desaparecidas hasta el domingo, dijo el gobierno militar.<\/p>\n<p class=\"nota-justify\">El jefe de la junta, el general Min Aung Hlaing, advirti\u00f3 que el n\u00famero de v\u00edctimas mortales podr\u00eda aumentar y que su gobierno enfrenta una situaci\u00f3n dif\u00edcil, informaron los medios estatales, tres d\u00edas despu\u00e9s de hacer un inusual pedido de asistencia internacional.<\/p>\n<p class=\"nota-justify\">\u00a0India, China y Tailandia se encuentran entre los vecinos de Myanmar que han enviado materiales y equipos de socorro, junto con ayuda y personal de Malasia, Singapur y Rusia.<\/p>\n<p class=\"nota-justify\">\u00a0\u00abLa destrucci\u00f3n es extensa y las necesidades humanitarias crecen cada hora\u00bb, afirm\u00f3 la Federaci\u00f3n Internacional de Sociedades de la Cruz Roja y de la Media Luna Roja en un comunicado.<\/p>\n<p class=\"nota-justify\">\u00a0Con el aumento de las temperaturas y la llegada de la temporada de monzones en cuesti\u00f3n de semanas, urge estabilizar a las comunidades afectadas antes de que surjan crisis secundarias.<\/p>\n<p class=\"nota-justify\">\u00a0La devastaci\u00f3n ha aumentado la miseria en Myanmar, que ya se encontraba sumido en el caos debido a una guerra civil que surgi\u00f3 despu\u00e9s de que un golpe militar derroc\u00f3 en 2021 al gobierno electo de la Premio Nobel de la Paz Aung San Suu Kyi.<\/p>\n","protected":false},"excerpt":{"rendered":"<p>El n\u00famero de v\u00edctimas del terremoto en Myanmar sigui\u00f3 aumentando este domingo, mientras equipos de rescate y ayuda extranjeros llegaban<\/p>\n","protected":false},"author":4,"featured_media":53491,"comment_status":"closed","ping_status":"closed","sticky":false,"template":"","format":"standard","meta":{"colormag_page_container_layout":"default_layout","colormag_page_sidebar_layout":"default_layout","_jetpack_memberships_contains_paid_content":false,"footnotes":"","jetpack_publicize_message":"","jetpack_publicize_feature_enabled":true,"jetpack_social_post_already_shared":true,"jetpack_social_options":{"image_generator_settings":{"template":"highway","default_image_id":0,"font":"","enabled":false},"version":2}},"categories":[355],"tags":[],"class_list":["post-53490","post","type-post","status-publish","format-standard","has-post-thumbnail","hentry","category-internacional"],"jetpack_publicize_connections":[],"jetpack_featured_media_url":"https:\/\/noticiasveracruz.com\/wp-content\/uploads\/2025\/03\/terremoto-en-myanmar-el-clarin-veracruzano.jpg","jetpack_sharing_enabled":true,"publishpress_future_action":{"enabled":false,"date":"2026-05-08 09:51:40","action":"change-status","newStatus":"draft","terms":[],"taxonomy":"category","extraData":[]},"publishpress_future_workflow_manual_trigger":{"enabledWorkflows":[]},"_links":{"self":[{"href":"https:\/\/noticiasveracruz.com\/index.php\/wp-json\/wp\/v2\/posts\/53490","targetHints":{"allow":["GET"]}}],"collection":[{"href":"https:\/\/noticiasveracruz.com\/index.php\/wp-json\/wp\/v2\/posts"}],"about":[{"href":"https:\/\/noticiasveracruz.com\/index.php\/wp-json\/wp\/v2\/types\/post"}],"author":[{"embeddable":true,"href":"https:\/\/noticiasveracruz.com\/index.php\/wp-json\/wp\/v2\/users\/4"}],"replies":[{"embeddable":true,"href":"https:\/\/noticiasveracruz.com\/index.php\/wp-json\/wp\/v2\/comments?post=53490"}],"version-history":[{"count":0,"href":"https:\/\/noticiasveracruz.com\/index.php\/wp-json\/wp\/v2\/posts\/53490\/revisions"}],"wp:featuredmedia":[{"embeddable":true,"href":"https:\/\/noticiasveracruz.com\/index.php\/wp-json\/wp\/v2\/media\/53491"}],"wp:attachment":[{"href":"https:\/\/noticiasveracruz.com\/index.php\/wp-json\/wp\/v2\/media?parent=53490"}],"wp:term":[{"taxonomy":"category","embeddable":true,"href":"https:\/\/noticiasveracruz.com\/index.php\/wp-json\/wp\/v2\/categories?post=53490"},{"taxonomy":"post_tag","embeddable":true,"href":"https:\/\/noticiasveracruz.com\/index.php\/wp-json\/wp\/v2\/tags?post=53490"}],"curies":[{"name":"wp","href":"https:\/\/api.w.org\/{rel}","templated":true}]}}