{"id":53484,"date":"2025-03-31T00:59:49","date_gmt":"2025-03-31T06:59:49","guid":{"rendered":"https:\/\/noticiasveracruz.com\/?p=53484"},"modified":"2025-03-31T00:59:49","modified_gmt":"2025-03-31T06:59:49","slug":"trump-dice-que-considera-formas-de-servir-un-tercer-mandato-como-presidente","status":"publish","type":"post","link":"https:\/\/noticiasveracruz.com\/index.php\/2025\/03\/31\/trump-dice-que-considera-formas-de-servir-un-tercer-mandato-como-presidente\/","title":{"rendered":"Trump dice que considera formas de servir un tercer mandato como presidente"},"content":{"rendered":"<p>El presidente Donald Trump afirm\u00f3 este domingo que \u00abno estoy bromeando\u00bb sobre intentar servir un tercer mandato, la indicaci\u00f3n m\u00e1s clara de que considera formas de violar la prohibici\u00f3n constitucional para continuar liderando el pa\u00eds despu\u00e9s de que su segundo mandato termine a principios de 2029.<\/p>\n<p>Trump coment\u00f3 en una entrevista telef\u00f3nica con NBC News: \u00abHay m\u00e9todos con los que podr\u00edas hacerlo\u00bb.<\/p>\n<p>Tambi\u00e9n expres\u00f3 que \u00abes demasiado pronto para pensar en eso\u00bb.<\/p>\n<p>La 22\u00aa Enmienda, a\u00f1adida a la Constituci\u00f3n en 1951 despu\u00e9s de que el presidente Franklin D. Roosevelt fue elegido cuatro veces consecutivas, establece que \u00abninguna persona ser\u00e1 elegida para el cargo de Presidente m\u00e1s de dos veces\u00bb.<\/p>\n<p>Kristen Welker de NBC pregunt\u00f3 a Trump si una posible v\u00eda para un tercer mandato ser\u00eda que el vicepresidente JD Vance se postulara para el cargo principal y \u00abluego te\u00a0pasara\u00a0el testigo\u00bb. Trump respondi\u00f3: \u00abBueno, esa es una\u00bb, y a\u00f1adi\u00f3: \u00abPero hay otras tambi\u00e9n. Hay otras\u00bb.<\/p>\n","protected":false},"excerpt":{"rendered":"<p>El presidente Donald Trump afirm\u00f3 este domingo que \u00abno estoy bromeando\u00bb sobre intentar servir un tercer mandato, la indicaci\u00f3n m\u00e1s<\/p>\n","protected":false},"author":4,"featured_media":53485,"comment_status":"closed","ping_status":"closed","sticky":false,"template":"","format":"standard","meta":{"colormag_page_container_layout":"default_layout","colormag_page_sidebar_layout":"default_layout","_jetpack_memberships_contains_paid_content":false,"footnotes":"","jetpack_publicize_message":"","jetpack_publicize_feature_enabled":true,"jetpack_social_post_already_shared":true,"jetpack_social_options":{"image_generator_settings":{"template":"highway","default_image_id":0,"font":"","enabled":false},"version":2}},"categories":[355],"tags":[],"class_list":["post-53484","post","type-post","status-publish","format-standard","has-post-thumbnail","hentry","category-internacional"],"jetpack_publicize_connections":[],"jetpack_featured_media_url":"https:\/\/noticiasveracruz.com\/wp-content\/uploads\/2025\/03\/TRU.jpg","jetpack_sharing_enabled":true,"publishpress_future_action":{"enabled":false,"date":"2026-05-08 11:40:26","action":"change-status","newStatus":"draft","terms":[],"taxonomy":"category","extraData":[]},"publishpress_future_workflow_manual_trigger":{"enabledWorkflows":[]},"_links":{"self":[{"href":"https:\/\/noticiasveracruz.com\/index.php\/wp-json\/wp\/v2\/posts\/53484","targetHints":{"allow":["GET"]}}],"collection":[{"href":"https:\/\/noticiasveracruz.com\/index.php\/wp-json\/wp\/v2\/posts"}],"about":[{"href":"https:\/\/noticiasveracruz.com\/index.php\/wp-json\/wp\/v2\/types\/post"}],"author":[{"embeddable":true,"href":"https:\/\/noticiasveracruz.com\/index.php\/wp-json\/wp\/v2\/users\/4"}],"replies":[{"embeddable":true,"href":"https:\/\/noticiasveracruz.com\/index.php\/wp-json\/wp\/v2\/comments?post=53484"}],"version-history":[{"count":0,"href":"https:\/\/noticiasveracruz.com\/index.php\/wp-json\/wp\/v2\/posts\/53484\/revisions"}],"wp:featuredmedia":[{"embeddable":true,"href":"https:\/\/noticiasveracruz.com\/index.php\/wp-json\/wp\/v2\/media\/53485"}],"wp:attachment":[{"href":"https:\/\/noticiasveracruz.com\/index.php\/wp-json\/wp\/v2\/media?parent=53484"}],"wp:term":[{"taxonomy":"category","embeddable":true,"href":"https:\/\/noticiasveracruz.com\/index.php\/wp-json\/wp\/v2\/categories?post=53484"},{"taxonomy":"post_tag","embeddable":true,"href":"https:\/\/noticiasveracruz.com\/index.php\/wp-json\/wp\/v2\/tags?post=53484"}],"curies":[{"name":"wp","href":"https:\/\/api.w.org\/{rel}","templated":true}]}}