{"id":53481,"date":"2025-03-31T00:58:14","date_gmt":"2025-03-31T06:58:14","guid":{"rendered":"https:\/\/noticiasveracruz.com\/?p=53481"},"modified":"2025-03-31T00:58:14","modified_gmt":"2025-03-31T06:58:14","slug":"arriba-a-venezuela-vuelo-con-175-migrantes-provenientes-de-eu","status":"publish","type":"post","link":"https:\/\/noticiasveracruz.com\/index.php\/2025\/03\/31\/arriba-a-venezuela-vuelo-con-175-migrantes-provenientes-de-eu\/","title":{"rendered":"Arriba a Venezuela vuelo con 175 migrantes provenientes de EU"},"content":{"rendered":"<p>Un grupo de 175 migrantes provenientes de Estados Unidos arribaron al Aeropuerto Internacional de Maiquet\u00eda Sim\u00f3n Bol\u00edvar, ubicado en el estado venezolano de La Guaira, en una aeronave perteneciente a la Administraci\u00f3n de Donald Trump, inform\u00f3 este domingo el ministro de Relaciones Interiores, Justicia y Paz de la naci\u00f3n caribe\u00f1a, Diosdado Cabello.<\/p>\n<p>\u00abHoy vienen 175 venezolanos\u200b\u200b\u200b. Adem\u00e1s anunciamos un mecanismo distinto, porque de aqu\u00ed en adelante esto deber\u00eda regularizarse, no tenemos nosotros que hacer todas estas actividades que hacemos aqu\u00ed, sino que el procedimiento operativo lo hacemos sin ning\u00fan tipo de inconveniente (\u2026), es decir, la log\u00edstica, recibirlos, atenderlos, todo igual, pero van a haber unas variantes\u00bb, detall\u00f3 Cabello a trav\u00e9s del canal estatal Venezolana de Televisi\u00f3n.<\/p>\n<p>De acuerdo con el titular, quien cuestion\u00f3 el proceso bajo el cual se desarroll\u00f3 el retorno de los migrantes, el Gobierno estadounidense hab\u00eda anunciado que en dicha aeronave deber\u00edan venir 229 venezolanos deportados.<\/p>\n<p>\u00abParece que hay un gran desorden en EU sobre este tema. Nosotros tomamos esto muy en serio. Adem\u00e1s cambiaron el sitio de salida, un enredo desde el punto de vista log\u00edstico (\u2026), ellos tienen un enredo all\u00e1 con la gente, con sus mecanismos, con las operaciones a\u00e9reas, \u00a1no son atribuibles a nosotros para nada\u00bb, agreg\u00f3.<\/p>\n<p>Asimismo, el ministro cuestion\u00f3 la matriz de opini\u00f3n relacionada con deportaci\u00f3n de sus connacionales y su presunta vinculaci\u00f3n con el grupo delictivo Tren de Aragua.<\/p>\n<p>\u00abCon la informaci\u00f3n inicial, todos son del Tren del Agua. \u00a1Es mentira, una gran mentira que ellos han venido usando para estigmatizar y para criminalizar a los venezolanos Nosotros lo hemos dicho en muchas ocasiones, cualquiera que venga ah\u00ed con antecedentes penales, delitos cometidos aqu\u00ed en nuestra patria, o que sea con delitos oficialmente reclamados por Interpol (Organizaci\u00f3n Internacional de Polic\u00eda Criminal), nosotros actuamos apegados a la ley\u00bb, dijo.<\/p>\n<p>En el aeropuerto, Cabello tambi\u00e9n confirm\u00f3 que al pa\u00eds han arribado 1.454 venezolanos procedentes de EU.<\/p>\n<p>El viernes en horas de madrugada, un avi\u00f3n de la aerol\u00ednea venezolana Conviasa con 178 connacionales expulsados de EU lleg\u00f3 al Aeropuerto Internacional de Maiquet\u00eda Sim\u00f3n Bol\u00edvar como parte de la sexta jornada del llamado Plan Vuelta a la Patria impulsado por el Gobierno de Nicol\u00e1s Maduro.<\/p>\n<p>Venezuela reanud\u00f3 el domingo los vuelos de repatriaci\u00f3n, luego de que Maduro afirmara un d\u00eda antes que su Gobierno rescatar\u00e1 a los connacionales que se encuentran detenidos en c\u00e1rceles de EU.<\/p>\n<p>El presidente de EU, Donald Trump invoc\u00f3 recientemente la Ley de Enemigos Extranjeros de 1798 para expulsar a cientos de venezolanos mayores de 14 a\u00f1os, arguyendo que integran la banda delictiva Tren de Aragua, o por no poseer pasaporte estadounidense o permiso de residencia permanente.<\/p>\n<p>Mediante un acuerdo entre la administraci\u00f3n de Trump y el Gobierno del presidente salvadore\u00f1o, Nayib Bukele, 238 de estos venezolanos fueron enviados a una c\u00e1rcel de m\u00e1xima seguridad en El Salvador, pero Caracas asegura que se trata de migrantes comunes y calific\u00f3 la medida de \u00absecuestro\u00bb.<\/p>\n<p>El Gobierno de Maduro anunci\u00f3 que har\u00e1 todo lo necesario ante los organismos internacionales para garantizar el retorno de sus ciudadanos trasladados a El Salvador.<\/p>\n","protected":false},"excerpt":{"rendered":"<p>Un grupo de 175 migrantes provenientes de Estados Unidos arribaron al Aeropuerto Internacional de Maiquet\u00eda Sim\u00f3n Bol\u00edvar, ubicado en el<\/p>\n","protected":false},"author":4,"featured_media":53482,"comment_status":"closed","ping_status":"closed","sticky":false,"template":"","format":"standard","meta":{"colormag_page_container_layout":"default_layout","colormag_page_sidebar_layout":"default_layout","_jetpack_memberships_contains_paid_content":false,"footnotes":"","jetpack_publicize_message":"","jetpack_publicize_feature_enabled":true,"jetpack_social_post_already_shared":true,"jetpack_social_options":{"image_generator_settings":{"template":"highway","default_image_id":0,"font":"","enabled":false},"version":2}},"categories":[355],"tags":[],"class_list":["post-53481","post","type-post","status-publish","format-standard","has-post-thumbnail","hentry","category-internacional"],"jetpack_publicize_connections":[],"jetpack_featured_media_url":"https:\/\/noticiasveracruz.com\/wp-content\/uploads\/2025\/03\/VEN-2.jpg","jetpack_sharing_enabled":true,"publishpress_future_action":{"enabled":false,"date":"2026-05-10 04:35:51","action":"change-status","newStatus":"draft","terms":[],"taxonomy":"category","extraData":[]},"publishpress_future_workflow_manual_trigger":{"enabledWorkflows":[]},"_links":{"self":[{"href":"https:\/\/noticiasveracruz.com\/index.php\/wp-json\/wp\/v2\/posts\/53481","targetHints":{"allow":["GET"]}}],"collection":[{"href":"https:\/\/noticiasveracruz.com\/index.php\/wp-json\/wp\/v2\/posts"}],"about":[{"href":"https:\/\/noticiasveracruz.com\/index.php\/wp-json\/wp\/v2\/types\/post"}],"author":[{"embeddable":true,"href":"https:\/\/noticiasveracruz.com\/index.php\/wp-json\/wp\/v2\/users\/4"}],"replies":[{"embeddable":true,"href":"https:\/\/noticiasveracruz.com\/index.php\/wp-json\/wp\/v2\/comments?post=53481"}],"version-history":[{"count":0,"href":"https:\/\/noticiasveracruz.com\/index.php\/wp-json\/wp\/v2\/posts\/53481\/revisions"}],"wp:featuredmedia":[{"embeddable":true,"href":"https:\/\/noticiasveracruz.com\/index.php\/wp-json\/wp\/v2\/media\/53482"}],"wp:attachment":[{"href":"https:\/\/noticiasveracruz.com\/index.php\/wp-json\/wp\/v2\/media?parent=53481"}],"wp:term":[{"taxonomy":"category","embeddable":true,"href":"https:\/\/noticiasveracruz.com\/index.php\/wp-json\/wp\/v2\/categories?post=53481"},{"taxonomy":"post_tag","embeddable":true,"href":"https:\/\/noticiasveracruz.com\/index.php\/wp-json\/wp\/v2\/tags?post=53481"}],"curies":[{"name":"wp","href":"https:\/\/api.w.org\/{rel}","templated":true}]}}