{"id":53469,"date":"2025-03-31T00:52:12","date_gmt":"2025-03-31T06:52:12","guid":{"rendered":"https:\/\/noticiasveracruz.com\/?p=53469"},"modified":"2025-03-31T00:52:12","modified_gmt":"2025-03-31T06:52:12","slug":"paristas-de-la-buap-entregaran-instalaciones-este-lunes-preven","status":"publish","type":"post","link":"https:\/\/noticiasveracruz.com\/index.php\/2025\/03\/31\/paristas-de-la-buap-entregaran-instalaciones-este-lunes-preven\/","title":{"rendered":"Paristas de la BUAP entregar\u00e1n instalaciones este lunes, prev\u00e9n"},"content":{"rendered":"<p class=\"nota-justify\">Estudiantes en paro de la Benem\u00e9rita Universidad Aut\u00f3noma de Puebla (BUAP) entregar\u00e1n ma\u00f1ana a las 12:00 del d\u00eda, las instalaciones de Ciudad Universitaria (CU), con el compromiso de que el mi\u00e9rcoles 2 de abril se reanuden las actividades presenciales.<\/p>\n<p class=\"nota-justify\">En tanto, ma\u00f1ana continuar\u00e1n las mesas de di\u00e1logo con las facultades de la llamada Alianza Centro, integrada por las facultades de Filosof\u00eda y Letras, Lenguas y Psicolog\u00eda, que siguen en protesta.<\/p>\n<p class=\"nota-justify\">Se espera que al inicio de esta semana tambi\u00e9n vuelvan a la normalidad la Escuela de Artes Pl\u00e1sticas y Audiovisuales, la Facultad de Artes y Ciudad Universitaria 2, luego de los acuerdos alcanzados este fin de semana con las autoridades.<\/p>\n<p class=\"nota-justify\">Originalmente la Comisi\u00f3n Institucional convoc\u00f3 a la devoluci\u00f3n de CU este domingo a las 13:00 horas, anunciando adem\u00e1s que las clases se reanudar\u00edan este lunes 31 de marzo.<\/p>\n<p class=\"nota-justify\">Sin embargo, los alumnos en paro realizaron una asamblea desde las 10 de la ma\u00f1ana en la que se critic\u00f3 que se haya anunciado la entrega del plantel de manera unilateral y se determin\u00f3 que la entrega ocurra este lunes a las 12:00 horas, comenzando por la puerta 1.<\/p>\n<p class=\"nota-justify\">Se decidi\u00f3 tambi\u00e9n proponer a las autoridades que las clases presenciales se suspendan ma\u00f1ana y pasado ma\u00f1ana, para que los alumnos for\u00e1neos no se vean afectados por ausencias en su retorno a la capital.<\/p>\n","protected":false},"excerpt":{"rendered":"<p>Estudiantes en paro de la Benem\u00e9rita Universidad Aut\u00f3noma de Puebla (BUAP) entregar\u00e1n ma\u00f1ana a las 12:00 del d\u00eda, las instalaciones<\/p>\n","protected":false},"author":4,"featured_media":53470,"comment_status":"closed","ping_status":"closed","sticky":false,"template":"","format":"standard","meta":{"colormag_page_container_layout":"default_layout","colormag_page_sidebar_layout":"default_layout","_jetpack_memberships_contains_paid_content":false,"footnotes":"","jetpack_publicize_message":"","jetpack_publicize_feature_enabled":true,"jetpack_social_post_already_shared":true,"jetpack_social_options":{"image_generator_settings":{"template":"highway","default_image_id":0,"font":"","enabled":false},"version":2}},"categories":[145],"tags":[],"class_list":["post-53469","post","type-post","status-publish","format-standard","has-post-thumbnail","hentry","category-estados"],"jetpack_publicize_connections":[],"jetpack_featured_media_url":"https:\/\/noticiasveracruz.com\/wp-content\/uploads\/2025\/03\/a5a6d5_8756f1a3830a444fb4efdfc2bd391243_mv2.jpg","jetpack_sharing_enabled":true,"publishpress_future_action":{"enabled":false,"date":"2026-05-08 04:17:24","action":"change-status","newStatus":"draft","terms":[],"taxonomy":"category","extraData":[]},"publishpress_future_workflow_manual_trigger":{"enabledWorkflows":[]},"_links":{"self":[{"href":"https:\/\/noticiasveracruz.com\/index.php\/wp-json\/wp\/v2\/posts\/53469","targetHints":{"allow":["GET"]}}],"collection":[{"href":"https:\/\/noticiasveracruz.com\/index.php\/wp-json\/wp\/v2\/posts"}],"about":[{"href":"https:\/\/noticiasveracruz.com\/index.php\/wp-json\/wp\/v2\/types\/post"}],"author":[{"embeddable":true,"href":"https:\/\/noticiasveracruz.com\/index.php\/wp-json\/wp\/v2\/users\/4"}],"replies":[{"embeddable":true,"href":"https:\/\/noticiasveracruz.com\/index.php\/wp-json\/wp\/v2\/comments?post=53469"}],"version-history":[{"count":0,"href":"https:\/\/noticiasveracruz.com\/index.php\/wp-json\/wp\/v2\/posts\/53469\/revisions"}],"wp:featuredmedia":[{"embeddable":true,"href":"https:\/\/noticiasveracruz.com\/index.php\/wp-json\/wp\/v2\/media\/53470"}],"wp:attachment":[{"href":"https:\/\/noticiasveracruz.com\/index.php\/wp-json\/wp\/v2\/media?parent=53469"}],"wp:term":[{"taxonomy":"category","embeddable":true,"href":"https:\/\/noticiasveracruz.com\/index.php\/wp-json\/wp\/v2\/categories?post=53469"},{"taxonomy":"post_tag","embeddable":true,"href":"https:\/\/noticiasveracruz.com\/index.php\/wp-json\/wp\/v2\/tags?post=53469"}],"curies":[{"name":"wp","href":"https:\/\/api.w.org\/{rel}","templated":true}]}}