{"id":53466,"date":"2025-03-31T00:49:57","date_gmt":"2025-03-31T06:49:57","guid":{"rendered":"https:\/\/noticiasveracruz.com\/?p=53466"},"modified":"2025-03-31T00:49:57","modified_gmt":"2025-03-31T06:49:57","slug":"china-reorganizara-a-los-fabricantes-de-automoviles-estatales-medios","status":"publish","type":"post","link":"https:\/\/noticiasveracruz.com\/index.php\/2025\/03\/31\/china-reorganizara-a-los-fabricantes-de-automoviles-estatales-medios\/","title":{"rendered":"China reorganizar\u00e1 a los fabricantes de autom\u00f3viles estatales: medios"},"content":{"rendered":"<p class=\"nota-justify\">China llevar\u00e1 a cabo una reorganizaci\u00f3n \u00abestrat\u00e9gica\u00bb de los fabricantes de autom\u00f3viles propiedad del gobierno central y les animar\u00e1 a mejorar su competitividad y su cuota de mercado, declar\u00f3 este s\u00e1bado un alto cargo del regulador de activos estatales.<\/p>\n<p class=\"nota-justify\">China tambi\u00e9n promover\u00e1 la integraci\u00f3n de los fabricantes de autom\u00f3viles de propiedad central en la \u00abred de innovaci\u00f3n global\u00bb y su desarrollo en el extranjero, dijo Gou Ping, vicepresidente de la Comisi\u00f3n de Supervisi\u00f3n y Administraci\u00f3n de Activos de propiedad estatal, seg\u00fan la cadena nacional\u00a0<i>CCTV<\/i>.<\/p>\n<p>&nbsp;<\/p>\n","protected":false},"excerpt":{"rendered":"<p>China llevar\u00e1 a cabo una reorganizaci\u00f3n \u00abestrat\u00e9gica\u00bb de los fabricantes de autom\u00f3viles propiedad del gobierno central y les animar\u00e1 a<\/p>\n","protected":false},"author":4,"featured_media":53467,"comment_status":"closed","ping_status":"closed","sticky":false,"template":"","format":"standard","meta":{"colormag_page_container_layout":"default_layout","colormag_page_sidebar_layout":"default_layout","_jetpack_memberships_contains_paid_content":false,"footnotes":"","jetpack_publicize_message":"","jetpack_publicize_feature_enabled":true,"jetpack_social_post_already_shared":true,"jetpack_social_options":{"image_generator_settings":{"template":"highway","default_image_id":0,"font":"","enabled":false},"version":2}},"categories":[1947],"tags":[],"class_list":["post-53466","post","type-post","status-publish","format-standard","has-post-thumbnail","hentry","category-economia"],"jetpack_publicize_connections":[],"jetpack_featured_media_url":"https:\/\/noticiasveracruz.com\/wp-content\/uploads\/2025\/03\/AUT.jpg","jetpack_sharing_enabled":true,"publishpress_future_action":{"enabled":false,"date":"2026-05-08 03:24:54","action":"change-status","newStatus":"draft","terms":[],"taxonomy":"category","extraData":[]},"publishpress_future_workflow_manual_trigger":{"enabledWorkflows":[]},"_links":{"self":[{"href":"https:\/\/noticiasveracruz.com\/index.php\/wp-json\/wp\/v2\/posts\/53466","targetHints":{"allow":["GET"]}}],"collection":[{"href":"https:\/\/noticiasveracruz.com\/index.php\/wp-json\/wp\/v2\/posts"}],"about":[{"href":"https:\/\/noticiasveracruz.com\/index.php\/wp-json\/wp\/v2\/types\/post"}],"author":[{"embeddable":true,"href":"https:\/\/noticiasveracruz.com\/index.php\/wp-json\/wp\/v2\/users\/4"}],"replies":[{"embeddable":true,"href":"https:\/\/noticiasveracruz.com\/index.php\/wp-json\/wp\/v2\/comments?post=53466"}],"version-history":[{"count":0,"href":"https:\/\/noticiasveracruz.com\/index.php\/wp-json\/wp\/v2\/posts\/53466\/revisions"}],"wp:featuredmedia":[{"embeddable":true,"href":"https:\/\/noticiasveracruz.com\/index.php\/wp-json\/wp\/v2\/media\/53467"}],"wp:attachment":[{"href":"https:\/\/noticiasveracruz.com\/index.php\/wp-json\/wp\/v2\/media?parent=53466"}],"wp:term":[{"taxonomy":"category","embeddable":true,"href":"https:\/\/noticiasveracruz.com\/index.php\/wp-json\/wp\/v2\/categories?post=53466"},{"taxonomy":"post_tag","embeddable":true,"href":"https:\/\/noticiasveracruz.com\/index.php\/wp-json\/wp\/v2\/tags?post=53466"}],"curies":[{"name":"wp","href":"https:\/\/api.w.org\/{rel}","templated":true}]}}