{"id":53460,"date":"2025-03-31T00:47:17","date_gmt":"2025-03-31T06:47:17","guid":{"rendered":"https:\/\/noticiasveracruz.com\/?p=53460"},"modified":"2025-03-31T00:47:17","modified_gmt":"2025-03-31T06:47:17","slug":"anticipa-bbva-una-desaceleracion-en-la-colocacion-de-credito","status":"publish","type":"post","link":"https:\/\/noticiasveracruz.com\/index.php\/2025\/03\/31\/anticipa-bbva-una-desaceleracion-en-la-colocacion-de-credito\/","title":{"rendered":"Anticipa BBVA una desaceleraci\u00f3n en la colocaci\u00f3n de cr\u00e9dito"},"content":{"rendered":"<p class=\"nota-justify\">En un entorno marcado por la incertidumbre provocada por las tensiones comerciales con Estados Unidos, es posible que la colocaci\u00f3n de financiamiento este a\u00f1o de los bancos privados desacelere su ritmo de crecimiento, plante\u00f3 BBVA M\u00e9xico, el principal intermediario financiero que opera en el pa\u00eds.<\/p>\n<p class=\"nota-justify\">En el contexto de amenazas arancelarias para la econom\u00eda mexicana en este 2025, no se puede descartar que la intermediaci\u00f3n bancaria pueda sufrir una desaceleraci\u00f3n en concordancia con un escenario macroecon\u00f3mico a la baja y con un alto grado de incertidumbre, plante\u00f3 el banco.<\/p>\n<p class=\"nota-justify\">De acuerdo con el informe\u00a0<i>Situaci\u00f3n Banca<\/i>, correspondiente al primer semestre de 2025, el sistema financiero mexicano se caracteriz\u00f3 en 2024 por una incipiente recuperaci\u00f3n de las fuentes externas de financiamiento, pero, sobre todo, por mantener fuentes de financiamiento internas robustas que se canalizaron principalmente al sector p\u00fablico y los hogares en detrimento de las empresas.<\/p>\n<p class=\"nota-justify\">Lo anterior, destac\u00f3, se present\u00f3 en un contexto econ\u00f3mico con signos de desaceleraci\u00f3n, y pese a ello el financiamiento bancario a los distintos sectores de la econom\u00eda logr\u00f3 mantener su dinamismo.<\/p>\n<p class=\"nota-justify\">Seg\u00fan BBVA, aun cuando en 2024 inici\u00f3 el ciclo de recortes de la tasa de inter\u00e9s y el empleo formal registr\u00f3 una relevante desaceleraci\u00f3n que lo llev\u00f3 a cerrar el a\u00f1o con un crecimiento de uno por ciento a tasa anual, el flujo de fuentes de financiamiento internas de la econom\u00eda se ubic\u00f3 en alrededor de 8.8 por ciento como proporci\u00f3n del PIB en promedio por trimestre, su mayor nivel de los \u00faltimos 10 a\u00f1os.<\/p>\n<p class=\"nota-justify\">A esta fortaleza de las fuentes de financiamiento internas contribuy\u00f3 el hecho de que los elevados niveles de las tasas de inter\u00e9s tras descontar la inflaci\u00f3n, mantuvieron los incentivos, durante buena parte del a\u00f1o, para que parte de los ingresos de a\u00f1os anteriores se destinar\u00e1n a obtener rendimientos, refiri\u00f3 el banco.<\/p>\n","protected":false},"excerpt":{"rendered":"<p>En un entorno marcado por la incertidumbre provocada por las tensiones comerciales con Estados Unidos, es posible que la colocaci\u00f3n<\/p>\n","protected":false},"author":4,"featured_media":53461,"comment_status":"closed","ping_status":"closed","sticky":false,"template":"","format":"standard","meta":{"colormag_page_container_layout":"default_layout","colormag_page_sidebar_layout":"default_layout","_jetpack_memberships_contains_paid_content":false,"footnotes":"","jetpack_publicize_message":"","jetpack_publicize_feature_enabled":true,"jetpack_social_post_already_shared":true,"jetpack_social_options":{"image_generator_settings":{"template":"highway","default_image_id":0,"font":"","enabled":false},"version":2}},"categories":[1947],"tags":[],"class_list":["post-53460","post","type-post","status-publish","format-standard","has-post-thumbnail","hentry","category-economia"],"jetpack_publicize_connections":[],"jetpack_featured_media_url":"https:\/\/noticiasveracruz.com\/wp-content\/uploads\/2025\/03\/BANCO.jpg","jetpack_sharing_enabled":true,"publishpress_future_action":{"enabled":false,"date":"2026-05-08 03:28:03","action":"change-status","newStatus":"draft","terms":[],"taxonomy":"category","extraData":[]},"publishpress_future_workflow_manual_trigger":{"enabledWorkflows":[]},"_links":{"self":[{"href":"https:\/\/noticiasveracruz.com\/index.php\/wp-json\/wp\/v2\/posts\/53460","targetHints":{"allow":["GET"]}}],"collection":[{"href":"https:\/\/noticiasveracruz.com\/index.php\/wp-json\/wp\/v2\/posts"}],"about":[{"href":"https:\/\/noticiasveracruz.com\/index.php\/wp-json\/wp\/v2\/types\/post"}],"author":[{"embeddable":true,"href":"https:\/\/noticiasveracruz.com\/index.php\/wp-json\/wp\/v2\/users\/4"}],"replies":[{"embeddable":true,"href":"https:\/\/noticiasveracruz.com\/index.php\/wp-json\/wp\/v2\/comments?post=53460"}],"version-history":[{"count":0,"href":"https:\/\/noticiasveracruz.com\/index.php\/wp-json\/wp\/v2\/posts\/53460\/revisions"}],"wp:featuredmedia":[{"embeddable":true,"href":"https:\/\/noticiasveracruz.com\/index.php\/wp-json\/wp\/v2\/media\/53461"}],"wp:attachment":[{"href":"https:\/\/noticiasveracruz.com\/index.php\/wp-json\/wp\/v2\/media?parent=53460"}],"wp:term":[{"taxonomy":"category","embeddable":true,"href":"https:\/\/noticiasveracruz.com\/index.php\/wp-json\/wp\/v2\/categories?post=53460"},{"taxonomy":"post_tag","embeddable":true,"href":"https:\/\/noticiasveracruz.com\/index.php\/wp-json\/wp\/v2\/tags?post=53460"}],"curies":[{"name":"wp","href":"https:\/\/api.w.org\/{rel}","templated":true}]}}