{"id":53451,"date":"2025-03-31T00:42:10","date_gmt":"2025-03-31T06:42:10","guid":{"rendered":"https:\/\/noticiasveracruz.com\/?p=53451"},"modified":"2025-03-31T00:42:10","modified_gmt":"2025-03-31T06:42:10","slug":"sheinbaum-ante-amago-de-aranceles-la-4t-salvara-la-economia-nacional","status":"publish","type":"post","link":"https:\/\/noticiasveracruz.com\/index.php\/2025\/03\/31\/sheinbaum-ante-amago-de-aranceles-la-4t-salvara-la-economia-nacional\/","title":{"rendered":"Sheinbaum: Ante amago de aranceles, la 4T salvar\u00e1 la econom\u00eda nacional"},"content":{"rendered":"<p class=\"nota-justify\">A cuatro d\u00edas del mi\u00e9rcoles 2 de abril, fecha que el presidente de Estados Unidos, Donald Trump, ha denominado como el \u201cD\u00eda de la Liberaci\u00f3n\u201d, ya que su administraci\u00f3n profundizar\u00e1 la imposici\u00f3n de aranceles a varias naciones del mundo, la presidenta, Claudia Sheinbaum Pardo, afirm\u00f3 que la Cuarta Transformaci\u00f3n salvar\u00e1 a la econom\u00eda mexicana con los programas sociales y obras p\u00fablicas que impulsan el desarrollo social nacional.<\/p>\n<p class=\"nota-justify\">\u201cAhora que estamos con esta nueva situaci\u00f3n frente al gobierno de los Estados Unidos que puede imponer aranceles, y todo esto que ya sabemos, \u00bfsaben qu\u00e9 va a salvar a M\u00e9xico? que hay Cuarta Transformaci\u00f3n y que el principio es por el bien de todos primero los pobres\u201d, asegur\u00f3 la mandataria federal.<\/p>\n<p>Sheinbaum explic\u00f3 que frente a la imposici\u00f3n de aranceles a las exportaciones mexicanas del gobierno de Estados Unidos, en el segundo piso de la Cuarta Transformaci\u00f3n se est\u00e1 fortaleciendo el desarrollo de la econom\u00eda nacional con la derrama de 800 millones de pesos que van directamente a las familias mexicanas a trav\u00e9s de los programas sociales de Apoyos para Adultos Mayores, J\u00f3venes Construyendo el Futuro, personas con discapacidad, las becas a estudiantes y los apoyos al campo.<\/p>\n","protected":false},"excerpt":{"rendered":"<p>A cuatro d\u00edas del mi\u00e9rcoles 2 de abril, fecha que el presidente de Estados Unidos, Donald Trump, ha denominado como<\/p>\n","protected":false},"author":4,"featured_media":53452,"comment_status":"closed","ping_status":"closed","sticky":false,"template":"","format":"standard","meta":{"colormag_page_container_layout":"default_layout","colormag_page_sidebar_layout":"default_layout","_jetpack_memberships_contains_paid_content":false,"footnotes":"","jetpack_publicize_message":"","jetpack_publicize_feature_enabled":true,"jetpack_social_post_already_shared":true,"jetpack_social_options":{"image_generator_settings":{"template":"highway","default_image_id":0,"font":"","enabled":false},"version":2}},"categories":[4],"tags":[],"class_list":["post-53451","post","type-post","status-publish","format-standard","has-post-thumbnail","hentry","category-nacional"],"jetpack_publicize_connections":[],"jetpack_featured_media_url":"https:\/\/noticiasveracruz.com\/wp-content\/uploads\/2025\/03\/SDFF.jpg","jetpack_sharing_enabled":true,"publishpress_future_action":{"enabled":false,"date":"2026-05-08 05:13:27","action":"change-status","newStatus":"draft","terms":[],"taxonomy":"category","extraData":[]},"publishpress_future_workflow_manual_trigger":{"enabledWorkflows":[]},"_links":{"self":[{"href":"https:\/\/noticiasveracruz.com\/index.php\/wp-json\/wp\/v2\/posts\/53451","targetHints":{"allow":["GET"]}}],"collection":[{"href":"https:\/\/noticiasveracruz.com\/index.php\/wp-json\/wp\/v2\/posts"}],"about":[{"href":"https:\/\/noticiasveracruz.com\/index.php\/wp-json\/wp\/v2\/types\/post"}],"author":[{"embeddable":true,"href":"https:\/\/noticiasveracruz.com\/index.php\/wp-json\/wp\/v2\/users\/4"}],"replies":[{"embeddable":true,"href":"https:\/\/noticiasveracruz.com\/index.php\/wp-json\/wp\/v2\/comments?post=53451"}],"version-history":[{"count":0,"href":"https:\/\/noticiasveracruz.com\/index.php\/wp-json\/wp\/v2\/posts\/53451\/revisions"}],"wp:featuredmedia":[{"embeddable":true,"href":"https:\/\/noticiasveracruz.com\/index.php\/wp-json\/wp\/v2\/media\/53452"}],"wp:attachment":[{"href":"https:\/\/noticiasveracruz.com\/index.php\/wp-json\/wp\/v2\/media?parent=53451"}],"wp:term":[{"taxonomy":"category","embeddable":true,"href":"https:\/\/noticiasveracruz.com\/index.php\/wp-json\/wp\/v2\/categories?post=53451"},{"taxonomy":"post_tag","embeddable":true,"href":"https:\/\/noticiasveracruz.com\/index.php\/wp-json\/wp\/v2\/tags?post=53451"}],"curies":[{"name":"wp","href":"https:\/\/api.w.org\/{rel}","templated":true}]}}