{"id":53448,"date":"2025-03-31T00:40:13","date_gmt":"2025-03-31T06:40:13","guid":{"rendered":"https:\/\/noticiasveracruz.com\/?p=53448"},"modified":"2025-03-31T00:40:13","modified_gmt":"2025-03-31T06:40:13","slug":"destaca-sheinbaum-arranque-de-campanas-para-comicios-del-pj","status":"publish","type":"post","link":"https:\/\/noticiasveracruz.com\/index.php\/2025\/03\/31\/destaca-sheinbaum-arranque-de-campanas-para-comicios-del-pj\/","title":{"rendered":"Destaca Sheinbaum arranque de campa\u00f1as para comicios del PJ"},"content":{"rendered":"<p>Este domingo que arrancan las campa\u00f1as para los comicios del Poder Judicial, la presidenta Claudia Sheinbaum Pardo destac\u00f3 que M\u00e9xico es el pa\u00eds m\u00e1s democr\u00e1tico del mundo porque ser\u00e1 el \u00fanico donde el pueblo elegir\u00e1 a los tres poderes de la Uni\u00f3n: Ejecutivo, Legislativo y ahora Judicial.<\/p>\n<p>Al encabezar en este municipio del noreste de Sonora la colocaci\u00f3n de la primera piedra y banderazo de salida de los trabajos de construcci\u00f3n de la carretera Bavispe, Sonora-Nuevo Casas Grandes, Chihuahua, junto al gobernador Alfonso Durazo, la mandataria federal pregunt\u00f3 a los presentes qu\u00e9 pasar\u00e1 el pr\u00f3ximo 1 de junio.<\/p>\n<p>\u201cMiren que r\u00e1pido lo respondieron (ciudadanos en el mitin), ser\u00e1 la elecci\u00f3n de los jueces porque los otros eran bien corruptos, as\u00ed tan sencillo como eso pero tambi\u00e9n tan profundo, eso quiere decir con el pueblo todo y sin el pueblo nada\u201d, resalt\u00f3 Sheinbaum.<\/p>\n<p>A trav\u00e9s de propaganda impresa en papel reciclable, fabricada con materiales biodegradables y distribuida de casa en casa, podr\u00e1n hacer actos de campa\u00f1a desde este domingo 30 de marzo los participantes en el Proceso Electoral Extraordinario para la elecci\u00f3n de diversos cargos del Poder Judicial de la Federaci\u00f3n.<\/p>\n<p>\u201cEn ning\u00fan pa\u00eds del mundo se elige a los tres poderes, nosotros desde la Constituci\u00f3n de 1824, decidimos que hubiera tres poderes: el Ejecutivo, Legislativo y Judicial, \u00e9ste \u00faltimo se encarga de la justicia y los eleg\u00eda el Poder Judicial, los legisladores a los ministros, ellos internamente eleg\u00edan a jueces y magistrados\u201d, expuso.<\/p>\n<p>\u201cPues ahora somos el \u00fanico pa\u00eds del mundo donde el pueblo elegir\u00e1 jueces, juezas, magistrados, magistradas, ministros y ministras, eso quiere decir que si la democracia es el poder del pueblo pues somos el pa\u00eds m\u00e1s democr\u00e1tico, el pueblo manda\u201d, recalc\u00f3 la Presidenta.<\/p>\n","protected":false},"excerpt":{"rendered":"<p>Este domingo que arrancan las campa\u00f1as para los comicios del Poder Judicial, la presidenta Claudia Sheinbaum Pardo destac\u00f3 que M\u00e9xico<\/p>\n","protected":false},"author":4,"featured_media":53449,"comment_status":"closed","ping_status":"closed","sticky":false,"template":"","format":"standard","meta":{"colormag_page_container_layout":"default_layout","colormag_page_sidebar_layout":"default_layout","_jetpack_memberships_contains_paid_content":false,"footnotes":"","jetpack_publicize_message":"","jetpack_publicize_feature_enabled":true,"jetpack_social_post_already_shared":true,"jetpack_social_options":{"image_generator_settings":{"template":"highway","default_image_id":0,"font":"","enabled":false},"version":2}},"categories":[4],"tags":[],"class_list":["post-53448","post","type-post","status-publish","format-standard","has-post-thumbnail","hentry","category-nacional"],"jetpack_publicize_connections":[],"jetpack_featured_media_url":"https:\/\/noticiasveracruz.com\/wp-content\/uploads\/2025\/03\/SH-3.jpg","jetpack_sharing_enabled":true,"publishpress_future_action":{"enabled":false,"date":"2026-05-10 04:15:22","action":"change-status","newStatus":"draft","terms":[],"taxonomy":"category","extraData":[]},"publishpress_future_workflow_manual_trigger":{"enabledWorkflows":[]},"_links":{"self":[{"href":"https:\/\/noticiasveracruz.com\/index.php\/wp-json\/wp\/v2\/posts\/53448","targetHints":{"allow":["GET"]}}],"collection":[{"href":"https:\/\/noticiasveracruz.com\/index.php\/wp-json\/wp\/v2\/posts"}],"about":[{"href":"https:\/\/noticiasveracruz.com\/index.php\/wp-json\/wp\/v2\/types\/post"}],"author":[{"embeddable":true,"href":"https:\/\/noticiasveracruz.com\/index.php\/wp-json\/wp\/v2\/users\/4"}],"replies":[{"embeddable":true,"href":"https:\/\/noticiasveracruz.com\/index.php\/wp-json\/wp\/v2\/comments?post=53448"}],"version-history":[{"count":0,"href":"https:\/\/noticiasveracruz.com\/index.php\/wp-json\/wp\/v2\/posts\/53448\/revisions"}],"wp:featuredmedia":[{"embeddable":true,"href":"https:\/\/noticiasveracruz.com\/index.php\/wp-json\/wp\/v2\/media\/53449"}],"wp:attachment":[{"href":"https:\/\/noticiasveracruz.com\/index.php\/wp-json\/wp\/v2\/media?parent=53448"}],"wp:term":[{"taxonomy":"category","embeddable":true,"href":"https:\/\/noticiasveracruz.com\/index.php\/wp-json\/wp\/v2\/categories?post=53448"},{"taxonomy":"post_tag","embeddable":true,"href":"https:\/\/noticiasveracruz.com\/index.php\/wp-json\/wp\/v2\/tags?post=53448"}],"curies":[{"name":"wp","href":"https:\/\/api.w.org\/{rel}","templated":true}]}}