{"id":53442,"date":"2025-03-31T00:30:51","date_gmt":"2025-03-31T06:30:51","guid":{"rendered":"https:\/\/noticiasveracruz.com\/?p=53442"},"modified":"2025-03-31T00:30:51","modified_gmt":"2025-03-31T06:30:51","slug":"urge-escuchar-al-pueblo-sobre-eleccion-judicial","status":"publish","type":"post","link":"https:\/\/noticiasveracruz.com\/index.php\/2025\/03\/31\/urge-escuchar-al-pueblo-sobre-eleccion-judicial\/","title":{"rendered":"Urge escuchar al pueblo sobre elecci\u00f3n judicial"},"content":{"rendered":"<p>Daniela Su\u00e1rez habilit\u00f3 un buz\u00f3n ciudadano en la ciudad de Xalapa para escuchar las opiniones de la poblaci\u00f3n sobre la elecci\u00f3n de cargos en el Poder Judicial en el estado de Veracruz.<\/p>\n<p>La joven ha trabajado en la Suprema Corte de Justicia de la Naci\u00f3n y en organismos internacionales. Ahora es candidata a jueza de distrito en materia mixta en el estado de Veracruz y aparecer\u00e1 en el n\u00famero 12 de la boleta amarilla.<\/p>\n<p>Daniela Su\u00e1rez inici\u00f3 su campa\u00f1a con una conferencia y recorridos en la ciudad de Xalapa. Lleva consigo un buz\u00f3n ciudadano donde la gente puede acercarse y dejar sus comentarios en escrito.<\/p>\n<p>La candidata a jueza local estuvo acompa\u00f1ada de un int\u00e9rprete de lengua de se\u00f1as mexicana para que la gente con discapacidad auditiva pueda conocer su proyecto.<\/p>\n<p>\u201cPor eso me acompa\u00f1a el d\u00eda de hoy, en mi primer d\u00eda de campa\u00f1a, un int\u00e9rprete de lengua de se\u00f1as mexicana, porque la justicia no debe excluir y la inclusi\u00f3n es un derecho. Esto es muy importante, es un derecho constitucional. Y debemos de incluir a todas las minor\u00edas porque el mensaje que se manda es fundamental. Los jueces tenemos que impartir justicia para todos, incluyendo grupos en situaci\u00f3n de vulnerabilidad\u201d, insisti\u00f3.<\/p>\n<p>Daniela tendr\u00eda representaci\u00f3n en la zona norte del estado de Veracruz y se dijo afortunada de poder recorrer Xalapa pero tambi\u00e9n la Huasteca Veracruzana, donde tambi\u00e9n tiene familiares.<\/p>\n<p>\u201cEntonces yo creo que la zona del norte es una zona con much\u00edsima cultura, una zona con personas muy trabajadoras, pero tambi\u00e9n una zona que ha tenido muchos problemas en materia de acceso a la justicia. Entonces esta campa\u00f1a, o al menos mi campa\u00f1a, yo lo que busco no es solamente ir a hablar, sino busco escuchar. Por eso tambi\u00e9n tengo la iniciativa de tener este buz\u00f3n ciudadano\u201d.<\/p>\n<p>Daniela Su\u00e1rez es egresada de la Universidad Crist\u00f3bal Col\u00f3n, tambi\u00e9n tiene una maestr\u00eda en Derecho con Enfoque de Derechos Humanos por la Universidad Nacional Aut\u00f3noma de M\u00e9xico (UNAM), as\u00ed como especializaci\u00f3n en Justicia Constitucional, Interpretaci\u00f3n y Aplicaci\u00f3n de la Constituci\u00f3n por la Universidad Castilla-La Mancha, en Espa\u00f1a.<\/p>\n","protected":false},"excerpt":{"rendered":"<p>Daniela Su\u00e1rez habilit\u00f3 un buz\u00f3n ciudadano en la ciudad de Xalapa para escuchar las opiniones de la poblaci\u00f3n sobre la<\/p>\n","protected":false},"author":4,"featured_media":53443,"comment_status":"closed","ping_status":"closed","sticky":false,"template":"","format":"standard","meta":{"colormag_page_container_layout":"default_layout","colormag_page_sidebar_layout":"default_layout","_jetpack_memberships_contains_paid_content":false,"footnotes":"","jetpack_publicize_message":"","jetpack_publicize_feature_enabled":true,"jetpack_social_post_already_shared":true,"jetpack_social_options":{"image_generator_settings":{"template":"highway","default_image_id":0,"font":"","enabled":false},"version":2}},"categories":[356],"tags":[],"class_list":["post-53442","post","type-post","status-publish","format-standard","has-post-thumbnail","hentry","category-veracruz"],"jetpack_publicize_connections":[],"jetpack_featured_media_url":"https:\/\/noticiasveracruz.com\/wp-content\/uploads\/2025\/03\/10b-4.jpg","jetpack_sharing_enabled":true,"publishpress_future_action":{"enabled":false,"date":"2026-05-08 05:10:20","action":"change-status","newStatus":"draft","terms":[],"taxonomy":"category","extraData":[]},"publishpress_future_workflow_manual_trigger":{"enabledWorkflows":[]},"_links":{"self":[{"href":"https:\/\/noticiasveracruz.com\/index.php\/wp-json\/wp\/v2\/posts\/53442","targetHints":{"allow":["GET"]}}],"collection":[{"href":"https:\/\/noticiasveracruz.com\/index.php\/wp-json\/wp\/v2\/posts"}],"about":[{"href":"https:\/\/noticiasveracruz.com\/index.php\/wp-json\/wp\/v2\/types\/post"}],"author":[{"embeddable":true,"href":"https:\/\/noticiasveracruz.com\/index.php\/wp-json\/wp\/v2\/users\/4"}],"replies":[{"embeddable":true,"href":"https:\/\/noticiasveracruz.com\/index.php\/wp-json\/wp\/v2\/comments?post=53442"}],"version-history":[{"count":0,"href":"https:\/\/noticiasveracruz.com\/index.php\/wp-json\/wp\/v2\/posts\/53442\/revisions"}],"wp:featuredmedia":[{"embeddable":true,"href":"https:\/\/noticiasveracruz.com\/index.php\/wp-json\/wp\/v2\/media\/53443"}],"wp:attachment":[{"href":"https:\/\/noticiasveracruz.com\/index.php\/wp-json\/wp\/v2\/media?parent=53442"}],"wp:term":[{"taxonomy":"category","embeddable":true,"href":"https:\/\/noticiasveracruz.com\/index.php\/wp-json\/wp\/v2\/categories?post=53442"},{"taxonomy":"post_tag","embeddable":true,"href":"https:\/\/noticiasveracruz.com\/index.php\/wp-json\/wp\/v2\/tags?post=53442"}],"curies":[{"name":"wp","href":"https:\/\/api.w.org\/{rel}","templated":true}]}}