{"id":53439,"date":"2025-03-31T00:30:13","date_gmt":"2025-03-31T06:30:13","guid":{"rendered":"https:\/\/noticiasveracruz.com\/?p=53439"},"modified":"2025-03-31T00:30:13","modified_gmt":"2025-03-31T06:30:13","slug":"garantizado-abasto-del-maiz-nahle","status":"publish","type":"post","link":"https:\/\/noticiasveracruz.com\/index.php\/2025\/03\/31\/garantizado-abasto-del-maiz-nahle\/","title":{"rendered":"Garantizado abasto del ma\u00edz: Nahle"},"content":{"rendered":"<p>La gobernadora Roc\u00edo Nahle Garc\u00eda y la directora general de Alimentaci\u00f3n para el Bienestar, Mar\u00eda Luisa Albores Gonz\u00e1lez se reunieron para fortalecer el apoyo al campo y a los productores para garantizar el acopio y abasto del grano para la alimentaci\u00f3n de las familias veracruzanas.<\/p>\n<p>A trav\u00e9s de sus redes sociales, destacaron la importancia de este esfuerzo conjunto, que adem\u00e1s respalda a los peque\u00f1os productores de la entidad.<\/p>\n<p>\u201cEstaremos trabajando juntas en el acopio de ma\u00edz en Veracruz para garantizar el abasto de este grano fundamental para la alimentaci\u00f3n de las familias, al tiempo que apoyamos a las y los peque\u00f1os productores de la entidad\u201d, coincidieron.<\/p>\n<p>Por su parte, la titular de Alimentaci\u00f3n reafirm\u00f3 el compromiso de la Federaci\u00f3n para garantizar el derecho a una alimentaci\u00f3n saludable, nutritiva y de calidad en todo el pa\u00eds, trabajando de la mano con las Tiendas del Bienestar y las estructuras locales de abasto.<\/p>\n<p>En el marco de su visita, la directora de Alimentaci\u00f3n encabez\u00f3 la Primera Reuni\u00f3n Ordinaria 2025 de los Consejos Comunitarios del estado, donde se abordaron estrategias para fortalecer la red de abasto y compartir experiencias que contribuyan a mejorar la distribuci\u00f3n de alimentos en la regi\u00f3n.<\/p>\n","protected":false},"excerpt":{"rendered":"<p>La gobernadora Roc\u00edo Nahle Garc\u00eda y la directora general de Alimentaci\u00f3n para el Bienestar, Mar\u00eda Luisa Albores Gonz\u00e1lez se reunieron<\/p>\n","protected":false},"author":4,"featured_media":53440,"comment_status":"closed","ping_status":"closed","sticky":false,"template":"","format":"standard","meta":{"colormag_page_container_layout":"default_layout","colormag_page_sidebar_layout":"default_layout","_jetpack_memberships_contains_paid_content":false,"footnotes":"","jetpack_publicize_message":"","jetpack_publicize_feature_enabled":true,"jetpack_social_post_already_shared":true,"jetpack_social_options":{"image_generator_settings":{"template":"highway","default_image_id":0,"font":"","enabled":false},"version":2}},"categories":[356],"tags":[],"class_list":["post-53439","post","type-post","status-publish","format-standard","has-post-thumbnail","hentry","category-veracruz"],"jetpack_publicize_connections":[],"jetpack_featured_media_url":"https:\/\/noticiasveracruz.com\/wp-content\/uploads\/2025\/03\/9a-17.jpg","jetpack_sharing_enabled":true,"publishpress_future_action":{"enabled":false,"date":"2026-05-08 04:19:53","action":"change-status","newStatus":"draft","terms":[],"taxonomy":"category","extraData":[]},"publishpress_future_workflow_manual_trigger":{"enabledWorkflows":[]},"_links":{"self":[{"href":"https:\/\/noticiasveracruz.com\/index.php\/wp-json\/wp\/v2\/posts\/53439","targetHints":{"allow":["GET"]}}],"collection":[{"href":"https:\/\/noticiasveracruz.com\/index.php\/wp-json\/wp\/v2\/posts"}],"about":[{"href":"https:\/\/noticiasveracruz.com\/index.php\/wp-json\/wp\/v2\/types\/post"}],"author":[{"embeddable":true,"href":"https:\/\/noticiasveracruz.com\/index.php\/wp-json\/wp\/v2\/users\/4"}],"replies":[{"embeddable":true,"href":"https:\/\/noticiasveracruz.com\/index.php\/wp-json\/wp\/v2\/comments?post=53439"}],"version-history":[{"count":0,"href":"https:\/\/noticiasveracruz.com\/index.php\/wp-json\/wp\/v2\/posts\/53439\/revisions"}],"wp:featuredmedia":[{"embeddable":true,"href":"https:\/\/noticiasveracruz.com\/index.php\/wp-json\/wp\/v2\/media\/53440"}],"wp:attachment":[{"href":"https:\/\/noticiasveracruz.com\/index.php\/wp-json\/wp\/v2\/media?parent=53439"}],"wp:term":[{"taxonomy":"category","embeddable":true,"href":"https:\/\/noticiasveracruz.com\/index.php\/wp-json\/wp\/v2\/categories?post=53439"},{"taxonomy":"post_tag","embeddable":true,"href":"https:\/\/noticiasveracruz.com\/index.php\/wp-json\/wp\/v2\/tags?post=53439"}],"curies":[{"name":"wp","href":"https:\/\/api.w.org\/{rel}","templated":true}]}}