{"id":53431,"date":"2025-03-30T20:16:49","date_gmt":"2025-03-31T02:16:49","guid":{"rendered":"https:\/\/noticiasveracruz.com\/?p=53431"},"modified":"2025-03-30T20:16:49","modified_gmt":"2025-03-31T02:16:49","slug":"los-30-millones","status":"publish","type":"post","link":"https:\/\/noticiasveracruz.com\/index.php\/2025\/03\/30\/los-30-millones\/","title":{"rendered":"LOS 30 MILLONES"},"content":{"rendered":"<p>No se ha visualizado a\u00fan el impacto que en el futuro tendr\u00e1 la sentencia de la jueza Flor de Mar\u00eda G\u00f3mez Mijangos, que obliga al Dr. Enrique Graue, &#8211; ex rector de la UNAM-, \u00a0y a Fernando Macedo, -ex director de la FES Arag\u00f3n-, a pagar cada uno 15 millones de pesos a la profesora Martha Rodr\u00edguez Ortiz, como compensaci\u00f3n por da\u00f1o moral.<\/p>\n<p>Esta sentencia se deriva de los cuestionamientos realizados a la maestra Rodr\u00edguez\u00a0 Ortiz por su responsabilidad como directora de la tesis de licenciatura de la ministra Yasmin Esquivel, durante el procedimiento de investigaci\u00f3n realizado por la UNAM a este trabajo acad\u00e9mico cuestionado por plagio.<\/p>\n<p>Esta sentencia constituye un peligroso precedente, pues se perfila como un nuevo modo de ejercer censura bajo el simple argumento, -totalmente subjetivo-, de da\u00f1o moral, derivado de la difusi\u00f3n de informaci\u00f3n sensible para un tercero o para una instituci\u00f3n.<\/p>\n<p>Si antes la censura se ejerc\u00eda a trav\u00e9s de la intimidaci\u00f3n, -o de la presi\u00f3n sobre los medios de comunicaci\u00f3n para que despidieran a la gente inc\u00f3moda-, hoy se empieza a ejercer judicialmente gravando el patrimonio personal del individuo demandado.<\/p>\n<p>\u00bfPor qu\u00e9 la maestra no demand\u00f3 a la UNAM y a la FES, sino a quienes fueron sus titulares? Es evidente que orientando la querella contra las instituciones ser\u00e1 m\u00e1s dif\u00edcil tener \u00e9xito, que dirigir la demanda contra individuos, que son un objetivo m\u00e1s vulnerable.<\/p>\n<p>Sin embargo, esto marca una pauta que a partir de ahora puede convertirse en pandemia en el \u00e1mbito de la comunicaci\u00f3n p\u00fablica.<\/p>\n<p>A partir de ahora el periodismo de investigaci\u00f3n podr\u00e1 ser bloqueado por los funcionarios investigados, -que aduciendo un impacto en su reputaci\u00f3n personal-, podr\u00e1n demandar y frenar cualquier intento de fiscalizaci\u00f3n, a la cual debiese sujetarse sin restricciones quien forme parte de la administraci\u00f3n p\u00fablica.<\/p>\n<p>El art\u00edculo 1916 del C\u00f3digo Civil de la Federaci\u00f3n de modo ambiguo da instrumentos a quien se sienta exhibido p\u00fablicamente y con da\u00f1o moral, no importando si el fondo del asunto bajo investigaci\u00f3n es ver\u00eddico y comprobable, o es falso. Para demandar y exigir indemnizaci\u00f3n solo basta que el demandante se victimice para que se proceda judicialmente.<\/p>\n<p>La veracidad o la falsedad debiesen representar el punto de partida para determinar si procede una demanda, pero la legislaci\u00f3n no lo considera.<\/p>\n<p>La falsedad \u00a0significar\u00eda \u00a0una calumnia y esto s\u00ed se debe castigar, pero la verdad en un \u00e1mbito del servicio p\u00fablico debe protegerse como parte del \u201cderecho a la informaci\u00f3n\u201d que tiene la ciudadan\u00eda.<\/p>\n<p>Muchas reputaciones personales e institucionales fueron da\u00f1adas durante las \u201cma\u00f1aneras\u201d con el agravante del \u201cabuso del poder\u201d y estos infundios quedaron en la impunidad.<\/p>\n<p>Para quien ejerce un cargo p\u00fablico, -o recibe un salario de una instituci\u00f3n p\u00fablica-, y es cuestionado por su desempe\u00f1o, no debiese proceder este derecho.<\/p>\n<p>La maestra Rodr\u00edguez como funcionaria del sector educativo debiese estar abierta a la evaluaci\u00f3n de su trabajo acad\u00e9mico, entre lo cual se considera la direcci\u00f3n de tesis.<\/p>\n<p>Hoy que tenemos el gobierno m\u00e1s opaco de la historia reciente la sociedad est\u00e1 totalmente vulnerable, y m\u00e1s a\u00fan con un Poder Judicial cooptado a partir de esta reforma judicial \u201ca modo\u201d, realizada por iniciativa del Poder Ejecutivo y de la mayor\u00eda legislativa af\u00edn a la 4T.<\/p>\n<p>La ciudadan\u00eda debe exigir una revisi\u00f3n legislativa de todas las leyes que deben proteger la libertad de expresi\u00f3n y el derecho a la informaci\u00f3n y realizar las enmiendas necesarias.<\/p>\n<p>Sin libertad de prensa, -que es una de las variantes de la libertad de expresi\u00f3n y el derecho ciudadano a la informaci\u00f3n-, la democracia corre el riesgo de desaparecer.<\/p>\n<p>Por tanto, el derecho a la \u201clibertad de expresi\u00f3n\u201d y el \u201cderecho a la informaci\u00f3n\u201d, -que deben proteger a la democracia-, hoy est\u00e1n bajo riesgo.<\/p>\n<p><strong>CONTUBERNIO<\/strong><\/p>\n<p>Lo que hoy est\u00e1 haciendo MORENA, -en contubernio con el l\u00edder del SNTE Alfonso Cepeda-, es rescatar las pr\u00e1cticas corporativistas que reprimen los derechos ciudadanos individuales del magisterio.<\/p>\n<p>Al estilo del viejo PRI neoliberal del siglo XX Alfonso Cepeda se comprometi\u00f3 el 18 de febrero pasado a aumentar la afiliaci\u00f3n de MORENA, aportando una base de 2,5 millones de maestros, -y a trav\u00e9s de ellos-, sumando amigos y familiares, llegar a los cinco millones.<\/p>\n<p>Los extremos se juntan: las peores pr\u00e1cticas del neoliberalismo arcaico, -no del actual-, han sido retomadas, asimiladas y adoptadas por los reformadores y transformadores de la 4T. La ley proh\u00edbe la afiliaci\u00f3n corporativa.<\/p>\n<p>&nbsp;<\/p>\n<p><strong>LA IMPUNIDAD<\/strong><\/p>\n<p>El tema no es si Cuauht\u00e9moc Blanco libr\u00f3 o n\u00f3 el desafuero, sino la conducta de las legisladoras de la 4T que traicionando la sororidad e impidieron que las autoridades competentes lo pudieran juzgar, para hacer justicia determinando si su hermana dice la verdad, o exonerarlo si ella miente.<\/p>\n<p>Esto \u00a0nos recuerda la forma en que MORENA resolvi\u00f3 el tema de las denuncias por violaci\u00f3n sexual en contra de F\u00e9lix Salgado Macedonio, en 2021, incluyendo un intento de juicio pol\u00edtico pues \u00e9l era senador de la rep\u00fablica.<\/p>\n<p>Fue m\u00e1s una escaramuza pol\u00edtica en relaci\u00f3n con su posible candidatura para el gobierno del Estado de Guerrero, que el intento de hacer justicia a las v\u00edctimas que lo denunciaron.<\/p>\n<p>\u00bfA usted qu\u00e9 le parece?<\/p>\n<p><img loading=\"lazy\" decoding=\"async\" class=\"alignnone wp-image-53185 size-full\" src=\"http:\/\/noticiasveracruz.com\/wp-content\/uploads\/2025\/03\/FIRMA-EDITORIAL-PD-7.jpg\" alt=\"\" width=\"1024\" height=\"125\" srcset=\"https:\/\/noticiasveracruz.com\/wp-content\/uploads\/2025\/03\/FIRMA-EDITORIAL-PD-7.jpg 1024w, https:\/\/noticiasveracruz.com\/wp-content\/uploads\/2025\/03\/FIRMA-EDITORIAL-PD-7-300x37.jpg 300w, https:\/\/noticiasveracruz.com\/wp-content\/uploads\/2025\/03\/FIRMA-EDITORIAL-PD-7-768x94.jpg 768w\" sizes=\"auto, (max-width: 1024px) 100vw, 1024px\" \/><\/p>\n","protected":false},"excerpt":{"rendered":"<p>No se ha visualizado a\u00fan el impacto que en el futuro tendr\u00e1 la sentencia de la jueza Flor de Mar\u00eda<\/p>\n","protected":false},"author":4,"featured_media":44976,"comment_status":"closed","ping_status":"closed","sticky":false,"template":"","format":"standard","meta":{"colormag_page_container_layout":"default_layout","colormag_page_sidebar_layout":"default_layout","_jetpack_memberships_contains_paid_content":false,"footnotes":"","jetpack_publicize_message":"","jetpack_publicize_feature_enabled":true,"jetpack_social_post_already_shared":true,"jetpack_social_options":{"image_generator_settings":{"template":"highway","default_image_id":0,"font":"","enabled":false},"version":2}},"categories":[6],"tags":[],"class_list":["post-53431","post","type-post","status-publish","format-standard","has-post-thumbnail","hentry","category-columnistas"],"jetpack_publicize_connections":[],"jetpack_featured_media_url":"https:\/\/noticiasveracruz.com\/wp-content\/uploads\/2024\/11\/NV-RICARDO-HOMS.jpg","jetpack_sharing_enabled":true,"publishpress_future_action":{"enabled":false,"date":"2026-05-05 23:14:03","action":"change-status","newStatus":"draft","terms":[],"taxonomy":"category","extraData":[]},"publishpress_future_workflow_manual_trigger":{"enabledWorkflows":[]},"_links":{"self":[{"href":"https:\/\/noticiasveracruz.com\/index.php\/wp-json\/wp\/v2\/posts\/53431","targetHints":{"allow":["GET"]}}],"collection":[{"href":"https:\/\/noticiasveracruz.com\/index.php\/wp-json\/wp\/v2\/posts"}],"about":[{"href":"https:\/\/noticiasveracruz.com\/index.php\/wp-json\/wp\/v2\/types\/post"}],"author":[{"embeddable":true,"href":"https:\/\/noticiasveracruz.com\/index.php\/wp-json\/wp\/v2\/users\/4"}],"replies":[{"embeddable":true,"href":"https:\/\/noticiasveracruz.com\/index.php\/wp-json\/wp\/v2\/comments?post=53431"}],"version-history":[{"count":0,"href":"https:\/\/noticiasveracruz.com\/index.php\/wp-json\/wp\/v2\/posts\/53431\/revisions"}],"wp:featuredmedia":[{"embeddable":true,"href":"https:\/\/noticiasveracruz.com\/index.php\/wp-json\/wp\/v2\/media\/44976"}],"wp:attachment":[{"href":"https:\/\/noticiasveracruz.com\/index.php\/wp-json\/wp\/v2\/media?parent=53431"}],"wp:term":[{"taxonomy":"category","embeddable":true,"href":"https:\/\/noticiasveracruz.com\/index.php\/wp-json\/wp\/v2\/categories?post=53431"},{"taxonomy":"post_tag","embeddable":true,"href":"https:\/\/noticiasveracruz.com\/index.php\/wp-json\/wp\/v2\/tags?post=53431"}],"curies":[{"name":"wp","href":"https:\/\/api.w.org\/{rel}","templated":true}]}}