{"id":53429,"date":"2025-03-30T20:12:17","date_gmt":"2025-03-31T02:12:17","guid":{"rendered":"https:\/\/noticiasveracruz.com\/?p=53429"},"modified":"2025-03-30T20:12:17","modified_gmt":"2025-03-31T02:12:17","slug":"el-lunes-consejo-universitario","status":"publish","type":"post","link":"https:\/\/noticiasveracruz.com\/index.php\/2025\/03\/30\/el-lunes-consejo-universitario\/","title":{"rendered":"El lunes Consejo Universitario"},"content":{"rendered":"<ul>\n<li style=\"font-weight: 400;\"><strong>La \u00faltima que encabezar\u00e1 el rector Mart\u00edn Gerardo Aguilar<\/strong><\/li>\n<li style=\"font-weight: 400;\"><strong>El tema del Presupuesto Anual Modificado correspondiente al ejercicio 2025<\/strong><\/li>\n<li style=\"font-weight: 400;\"><strong>El descenso a nivel nacional e internacional de la M\u00e1xima Casa de Estudios en esta administraci\u00f3n<\/strong><\/li>\n<\/ul>\n<p style=\"font-weight: 400;\">Por Miguel \u00c1ngel Cristiani G.<\/p>\n<p style=\"font-weight: 400;\">El pr\u00f3ximo lunes 31 de marzo, se efectuar\u00e1 en la ciudad de Xalapa, la reuni\u00f3n Ordinaria del Consejo Universitario General, a partir de las 10 de la ma\u00f1ana en la sala anexa de Tlaqn\u00e1, en la que el punto m\u00e1s interesante a tratar se supone que es presentaci\u00f3n y, en su caso, aprobaci\u00f3n del Presupuesto Anual Modificado correspondiente al ejercicio 2025 del Subsidio Ordinario.<\/p>\n<p style=\"font-weight: 400;\">Como posiblemente sea la \u00faltima reuni\u00f3n ordinaria del Consejo Universitario que le toque presidir al todav\u00eda rector de la Universidad Veracruzana Mart\u00edn Gerardo Aguilar S\u00e1nchez, ser\u00e1 tambi\u00e9n la \u00faltima oportunidad que tengan los y las consejeras universitarias para cuestionar algunos temas de inter\u00e9s para la comunidad.<\/p>\n<p style=\"font-weight: 400;\">Ya que en la orden del d\u00eda est\u00e1 la aprobaci\u00f3n del Presupuesto Modificado para el presente a\u00f1o, se podr\u00eda cuestionar y pedir informaci\u00f3n sobre los recursos presupuestales no ejercidos y que tuvieron que ser regresados a la federaci\u00f3n.<\/p>\n<p style=\"font-weight: 400;\">Eso porque se supone que se estaba peleando el que el gobierno del estado le entregara m\u00e1s dineros, cuando por otra parte se estaban regresando a la federaci\u00f3n.<\/p>\n<p style=\"font-weight: 400;\">La pregunta es porque, acaso no hay forma de gastarlos, por ejemplo, dando becas a estudiantes de escasos recursos o construyendo nuevas instalaciones donde son necesarias, en fin, tantos temas donde invertir, antes de mandarlos de regreso al gobierno.<\/p>\n<p style=\"font-weight: 400;\">Otro tema que ser\u00e1 interesante, ahora que nuevamente la llamada Junta de Gobierno, integrada por notables, tendr\u00e1 que convocar y elegir al nuevo rector, esperemos que no vuelvan a tratar de hacernos creer que fue por \u201cunanimidad\u201d como si no hubiera otros participantes que merecieran el voto.<\/p>\n<p style=\"font-weight: 400;\">Y por si fuera poco, tambi\u00e9n se podr\u00eda cuestionar -con datos estad\u00edsticos en mano- los motivos por los que la Universidad Veracruzana ha ca\u00eddo en los m\u00e1s bajos niveles de calidad en la ense\u00f1anza.<\/p>\n<p style=\"font-weight: 400;\">Por esa y otras razones, es que aprovechando la denominada Autonom\u00eda Universitaria, en los medios universitarios ha empezado a cobrar fuerza la idea de que no sean unos cuantos \u201cnotables\u201d los que elijan al Rector sino el pleno del Consejo Universitario donde est\u00e1n representados todos los sectores, acad\u00e9micos, directivos, y estudiantiles.<\/p>\n<p style=\"font-weight: 400;\">Por lo pronto, la Orden del D\u00eda del lunes se tiene contemplada en el siguiente orden y puntos a tratar:<\/p>\n<ol>\n<li style=\"font-weight: 400;\">Lista de asistencia y declaraci\u00f3n de quorum para sesionar.<\/li>\n<li style=\"font-weight: 400;\">Lectura y, en su caso, aprobaci\u00f3n del Orden del D\u00eda.<\/li>\n<li style=\"font-weight: 400;\">Lectura y, en su caso, aprobaci\u00f3n de los Acuerdos de la Sesi\u00f3n Ordinaria del Consejo Universitario General, celebrada el 16 de diciembre de 2024.<\/li>\n<li style=\"font-weight: 400;\">Presentaci\u00f3n y, en su caso, ratificaci\u00f3n de los Acuerdos del Rector.<\/li>\n<li style=\"font-weight: 400;\">Presentaci\u00f3n y, en su caso, aprobaci\u00f3n de los Acuerdos de las Comisiones Permanentes del Consejo Universitario General.<\/li>\n<\/ol>\n<ul>\n<li style=\"font-weight: 400;\">Comisiones Acad\u00e9micas por \u00c1rea<\/li>\n<li style=\"font-weight: 400;\">\u00c1rea Acad\u00e9mica de Artes<\/li>\n<li style=\"font-weight: 400;\">\u00c1rea Acad\u00e9mica de Ciencias Biol\u00f3gicas y Agropecuarias<\/li>\n<li style=\"font-weight: 400;\">Comisi\u00f3n de Reglamentos<\/li>\n<li style=\"font-weight: 400;\">Comisi\u00f3n de Presupuestos<\/li>\n<li style=\"font-weight: 400;\">Presentaci\u00f3n y, en su caso, aprobaci\u00f3n del Presupuesto Anual Modificado correspondiente al ejercicio 2025 del Subsidio Ordinario, en t\u00e9rminos de lo se\u00f1alado en la Cl\u00e1usula Quinta, tercer p\u00e1rrafo del Anexo de Ejecuci\u00f3n para el ejercicio 2025, del Convenio Marco de Colaboraci\u00f3n para el Apoyo Financiero.<\/li>\n<\/ul>\n<ol start=\"6\">\n<li style=\"font-weight: 400;\">Presentaci\u00f3n y, en su caso, aprobaci\u00f3n de las propuestas para Doctorados honoris causa de:<\/li>\n<\/ol>\n<ul>\n<li style=\"font-weight: 400;\">Pablo \u00c1ngel Meira Cartea<\/li>\n<li style=\"font-weight: 400;\">Miguel \u00c1ngel Barnet Lanza<\/li>\n<li style=\"font-weight: 400;\">Eugenio Ra\u00fal Zaffaroni<\/li>\n<\/ul>\n<ol start=\"7\">\n<li style=\"font-weight: 400;\">Asuntos Generales.<\/li>\n<li style=\"font-weight: 400;\">Clausura de la Sesi\u00f3n.<\/li>\n<\/ol>\n<p style=\"font-weight: 400;\">Para m\u00e1s informaci\u00f3n consulta nuestra p\u00e1gina\u00a0<a href=\"https:\/\/www.xn--bitacoraspolticas-ovb.com\/\" data-saferedirecturl=\"https:\/\/www.google.com\/url?q=https:\/\/www.xn--bitacoraspolticas-ovb.com\/&amp;source=gmail&amp;ust=1743472758892000&amp;usg=AOvVaw39znnKqWbx1AyT7x6G-KpY\">https:\/\/www.xn--bitacoraspolticas-ovb.com\/<\/a><\/p>\n<p><img loading=\"lazy\" decoding=\"async\" class=\"alignnone wp-image-53185 size-full\" src=\"http:\/\/noticiasveracruz.com\/wp-content\/uploads\/2025\/03\/FIRMA-EDITORIAL-PD-7.jpg\" alt=\"\" width=\"1024\" height=\"125\" srcset=\"https:\/\/noticiasveracruz.com\/wp-content\/uploads\/2025\/03\/FIRMA-EDITORIAL-PD-7.jpg 1024w, https:\/\/noticiasveracruz.com\/wp-content\/uploads\/2025\/03\/FIRMA-EDITORIAL-PD-7-300x37.jpg 300w, https:\/\/noticiasveracruz.com\/wp-content\/uploads\/2025\/03\/FIRMA-EDITORIAL-PD-7-768x94.jpg 768w\" sizes=\"auto, (max-width: 1024px) 100vw, 1024px\" \/><\/p>\n","protected":false},"excerpt":{"rendered":"<p>La \u00faltima que encabezar\u00e1 el rector Mart\u00edn Gerardo Aguilar El tema del Presupuesto Anual Modificado correspondiente al ejercicio 2025 El<\/p>\n","protected":false},"author":4,"featured_media":29037,"comment_status":"closed","ping_status":"closed","sticky":false,"template":"","format":"standard","meta":{"colormag_page_container_layout":"default_layout","colormag_page_sidebar_layout":"default_layout","_jetpack_memberships_contains_paid_content":false,"footnotes":"","jetpack_publicize_message":"","jetpack_publicize_feature_enabled":true,"jetpack_social_post_already_shared":true,"jetpack_social_options":{"image_generator_settings":{"template":"highway","default_image_id":0,"font":"","enabled":false},"version":2}},"categories":[6],"tags":[],"class_list":["post-53429","post","type-post","status-publish","format-standard","has-post-thumbnail","hentry","category-columnistas"],"jetpack_publicize_connections":[],"jetpack_featured_media_url":"https:\/\/noticiasveracruz.com\/wp-content\/uploads\/2024\/04\/BANNER-cristiani-NV.jpg","jetpack_sharing_enabled":true,"publishpress_future_action":{"enabled":false,"date":"2026-05-05 23:07:12","action":"change-status","newStatus":"draft","terms":[],"taxonomy":"category","extraData":[]},"publishpress_future_workflow_manual_trigger":{"enabledWorkflows":[]},"_links":{"self":[{"href":"https:\/\/noticiasveracruz.com\/index.php\/wp-json\/wp\/v2\/posts\/53429","targetHints":{"allow":["GET"]}}],"collection":[{"href":"https:\/\/noticiasveracruz.com\/index.php\/wp-json\/wp\/v2\/posts"}],"about":[{"href":"https:\/\/noticiasveracruz.com\/index.php\/wp-json\/wp\/v2\/types\/post"}],"author":[{"embeddable":true,"href":"https:\/\/noticiasveracruz.com\/index.php\/wp-json\/wp\/v2\/users\/4"}],"replies":[{"embeddable":true,"href":"https:\/\/noticiasveracruz.com\/index.php\/wp-json\/wp\/v2\/comments?post=53429"}],"version-history":[{"count":0,"href":"https:\/\/noticiasveracruz.com\/index.php\/wp-json\/wp\/v2\/posts\/53429\/revisions"}],"wp:featuredmedia":[{"embeddable":true,"href":"https:\/\/noticiasveracruz.com\/index.php\/wp-json\/wp\/v2\/media\/29037"}],"wp:attachment":[{"href":"https:\/\/noticiasveracruz.com\/index.php\/wp-json\/wp\/v2\/media?parent=53429"}],"wp:term":[{"taxonomy":"category","embeddable":true,"href":"https:\/\/noticiasveracruz.com\/index.php\/wp-json\/wp\/v2\/categories?post=53429"},{"taxonomy":"post_tag","embeddable":true,"href":"https:\/\/noticiasveracruz.com\/index.php\/wp-json\/wp\/v2\/tags?post=53429"}],"curies":[{"name":"wp","href":"https:\/\/api.w.org\/{rel}","templated":true}]}}