{"id":53407,"date":"2025-03-29T00:18:36","date_gmt":"2025-03-29T06:18:36","guid":{"rendered":"https:\/\/noticiasveracruz.com\/?p=53407"},"modified":"2025-03-28T23:06:33","modified_gmt":"2025-03-29T05:06:33","slug":"turquia-continua-los-arrestos-de-manifestantes-periodistas-y-abogados","status":"publish","type":"post","link":"https:\/\/noticiasveracruz.com\/index.php\/2025\/03\/29\/turquia-continua-los-arrestos-de-manifestantes-periodistas-y-abogados\/","title":{"rendered":"Turqu\u00eda contin\u00faa los arrestos de manifestantes, periodistas y abogados"},"content":{"rendered":"<p class=\"nota-justify\">Las autoridades turcas detuvieron este viernes al abogado del encarcelado alcalde de Estambul y a m\u00e1s periodistas en la represi\u00f3n de las mayores protestas en el pa\u00eds en m\u00e1s de una d\u00e9cada.<\/p>\n<p class=\"nota-justify\">M\u00e1s de mil 800 personas fueron arrestadas desde el estallido de las manifestaciones la semana pasada por la detenci\u00f3n y posterior encarcelamiento del popular alcalde de Estambul, Ekrem Imamoglu, considerado el principal rival del presidente Recep Tayyip Erdogan.<\/p>\n<p class=\"nota-justify\">Muchos de los detenidos son j\u00f3venes, incluso algunos menores de edad, seg\u00fan la asociaci\u00f3n de abogados de Estambul. Los manifestantes contin\u00faan saliendo a las calles en desaf\u00edo a la prohibici\u00f3n oficial sobre estas movilizaciones.<\/p>\n<p class=\"nota-justify\">\u00abEstamos aqu\u00ed por nuestros derechos, pero tengo miedo\u00bb, reconoc\u00eda a la AFP un manifestante de 21 a\u00f1os, Raftel, en una protesta en la ciudad m\u00e1s poblada de Turqu\u00eda.<\/p>\n<p class=\"nota-justify\">Las operaciones policiales continuaron el viernes, cuando el alcalde Imamoglu denunci\u00f3 la detenci\u00f3n de su abogado, Mehmet Pehlivan, \u00abbajo falsos pretextos\u00bb.<\/p>\n<p class=\"nota-justify\">\u00abComo si el golpe de Estado contra la democracia no fuera suficiente, no pueden tolerar que las v\u00edctimas se defiendan\u00bb, escribi\u00f3 en X el opositor, sospechoso en una investigaci\u00f3n por corrupci\u00f3n que \u00e9l considera \u00absin fundamento\u00bb.<\/p>\n<p class=\"nota-justify\">Las acusaciones contra Pehlivan no se esclarecieron, pero la cadena opositora Halk TV dijo que estaban vinculadas al \u00abblanqueo de activos procedentes de un crimen\u00bb.<\/p>\n<p class=\"nota-justify\">El letrado qued\u00f3 posteriormente en libertad, pero con la prohibici\u00f3n de dejar el pa\u00eds.<\/p>\n<p class=\"nota-justify\">Son las protestas m\u00e1s importantes desde 2013 en este pa\u00eds miembro de la OTAN, un actor clave en el tablero geopol\u00edtico de Oriente Medio y el este de Europa.<\/p>\n<p class=\"nota-justify\">Estados Unidos expres\u00f3 su inquietud por \u00abla inestabilidad\u00bb en \u00abun aliado tan cercano\u00bb y Francia denunci\u00f3 los \u00abataques sistem\u00e1ticos\u00bb contra las figuras opositoras y la libertad de reuni\u00f3n.<\/p>\n","protected":false},"excerpt":{"rendered":"<p>Las autoridades turcas detuvieron este viernes al abogado del encarcelado alcalde de Estambul y a m\u00e1s periodistas en la represi\u00f3n<\/p>\n","protected":false},"author":4,"featured_media":53408,"comment_status":"closed","ping_status":"closed","sticky":false,"template":"","format":"standard","meta":{"colormag_page_container_layout":"default_layout","colormag_page_sidebar_layout":"default_layout","_jetpack_memberships_contains_paid_content":false,"footnotes":"","jetpack_publicize_message":"","jetpack_publicize_feature_enabled":true,"jetpack_social_post_already_shared":true,"jetpack_social_options":{"image_generator_settings":{"template":"highway","default_image_id":0,"font":"","enabled":false},"version":2}},"categories":[355],"tags":[],"class_list":["post-53407","post","type-post","status-publish","format-standard","has-post-thumbnail","hentry","category-internacional"],"jetpack_publicize_connections":[],"jetpack_featured_media_url":"https:\/\/noticiasveracruz.com\/wp-content\/uploads\/2025\/03\/TURQ.jpg","jetpack_sharing_enabled":true,"publishpress_future_action":{"enabled":false,"date":"2026-05-08 09:31:28","action":"change-status","newStatus":"draft","terms":[],"taxonomy":"category","extraData":[]},"publishpress_future_workflow_manual_trigger":{"enabledWorkflows":[]},"_links":{"self":[{"href":"https:\/\/noticiasveracruz.com\/index.php\/wp-json\/wp\/v2\/posts\/53407","targetHints":{"allow":["GET"]}}],"collection":[{"href":"https:\/\/noticiasveracruz.com\/index.php\/wp-json\/wp\/v2\/posts"}],"about":[{"href":"https:\/\/noticiasveracruz.com\/index.php\/wp-json\/wp\/v2\/types\/post"}],"author":[{"embeddable":true,"href":"https:\/\/noticiasveracruz.com\/index.php\/wp-json\/wp\/v2\/users\/4"}],"replies":[{"embeddable":true,"href":"https:\/\/noticiasveracruz.com\/index.php\/wp-json\/wp\/v2\/comments?post=53407"}],"version-history":[{"count":0,"href":"https:\/\/noticiasveracruz.com\/index.php\/wp-json\/wp\/v2\/posts\/53407\/revisions"}],"wp:featuredmedia":[{"embeddable":true,"href":"https:\/\/noticiasveracruz.com\/index.php\/wp-json\/wp\/v2\/media\/53408"}],"wp:attachment":[{"href":"https:\/\/noticiasveracruz.com\/index.php\/wp-json\/wp\/v2\/media?parent=53407"}],"wp:term":[{"taxonomy":"category","embeddable":true,"href":"https:\/\/noticiasveracruz.com\/index.php\/wp-json\/wp\/v2\/categories?post=53407"},{"taxonomy":"post_tag","embeddable":true,"href":"https:\/\/noticiasveracruz.com\/index.php\/wp-json\/wp\/v2\/tags?post=53407"}],"curies":[{"name":"wp","href":"https:\/\/api.w.org\/{rel}","templated":true}]}}