{"id":53404,"date":"2025-03-29T00:17:36","date_gmt":"2025-03-29T06:17:36","guid":{"rendered":"https:\/\/noticiasveracruz.com\/?p=53404"},"modified":"2025-03-28T23:04:40","modified_gmt":"2025-03-29T05:04:40","slug":"lanza-trump-el-mayor-ataque-contra-sindicatos-del-sector-publico-desde-reagan","status":"publish","type":"post","link":"https:\/\/noticiasveracruz.com\/index.php\/2025\/03\/29\/lanza-trump-el-mayor-ataque-contra-sindicatos-del-sector-publico-desde-reagan\/","title":{"rendered":"Lanza Trump el mayor ataque contra sindicatos del sector p\u00fablico desde Reagan"},"content":{"rendered":"<p class=\"nota-justify\">Sin ruido ni grandes proclamaciones, el presidente Donald Trump lanz\u00f3\u00a0el mayor ataque contra el sindicalismo en la historia moderna desde que Ronald Reagan ces\u00f3\u00a0a miles de controladores a\u00e9reos en los a\u00f1os ochenta.<\/p>\n<p class=\"nota-justify\">Trump firm\u00f3\u00a0una orden ejecutiva\u00a0casi en silencio y sin declaraciones p\u00fablicas\u00a0la noche del jueves en donde efectivamente busca anular los gremios del sector p\u00fablico\u00a0y los contratos colectivos en una vasta parte del gobierno federal. La orden instruye a una amplia gama de secretar\u00edas y agencias del gobierno\u00a0de poner fin a los contratos colectivos bajo una vaga justificaci\u00f3n de proteger la \u201cseguridad nacional\u201d.<\/p>\n<p class=\"nota-justify\">La orden cita cl\u00e1usulas de una ley de 1978 que permite excluir agencias de regulaciones y leyes sobre relaciones laborales federales por razones de \u201cseguridad nacional\u201d. Bajo su orden ampli\u00f3\u00a0la definici\u00f3n de seguridad nacional al incluir desde el Departamento de Estado y el de Defensa, partes de los departamentos de Salud, de Seguridad Interna, de Justicia como tambi\u00e9n de\u00a0agencias incluyendo la de Comisi\u00f3n\u00a0Federal de Comunicaciones y la de Protecci\u00f3n de Ambiente entre otras.<\/p>\n<p class=\"nota-justify\">De inmediato, varias de las dependencias federales presentaron una demanda ante un tribunal contra los sindicatos con el fin de anular sus contratos colectivos. El gobierno de Trump argumenta que los contratos colectivos obstaculizan la capacidad del presidente de \u201cproteger a Estados Unidos de amenazas exteriores y dom\u00e9sticas\u201d.<\/p>\n<p class=\"nota-justify\">La Federaci\u00f3n\u00a0Americana de Empleados Gubernamentales (AFGE) -el gremio m\u00e1s\u00a0grande del sector de la burocracia federal- y la central obrera AFL-CIO rechazaron que la orden tenga que ver con \u201cseguridad nacional\u201d, sino como una respuesta de la Casa Blanca a los esfuerzos de los gremios del sector p\u00fablico\u00a0para frenar los despidos masivos de trabajadores federales impulsado por Trump e implementado por su socio Elon Musk desde que llegaron a la Casa Blanca. El AFGE calcula que la orden afectar\u00eda a cientos de miles de servidores p\u00fablicos, con otros calculando que puede impactar los derechos laborales de m\u00e1s\u00a0de un mill\u00f3n. Seg\u00fan\u00a0estad\u00edsticas oficiales, un 29.9\u00a0por ciento de la fuerza laboral federal es representada por un sindicato en\u00a02024.<\/p>\n<p class=\"nota-justify\">\u201cCon la amenaza de Trump contra los sindicatos y gente trabajadora a trav\u00e9s de Estados Unidos queda claro: o te alineas o [habr\u00e1 consecuencias]\u201d, declar\u00f3\u00a0Everett Kelley, presidente de AFGE. Acus\u00f3\u00a0que la orden es ilegal y que ser\u00e1 disputada por el sindicato ante tribunales.<\/p>\n<p class=\"nota-justify\">La\u00a0AFL-CIO denunci\u00f3\u00a0lo que calific\u00f3 como un intento para romper el sindicalismo en el sector p\u00fablico. La orden de Trump \u201canula el derecho fundamental\u00a0de sindicalizarse y negociar colectivamente para trabajadores federales en m\u00e1s\u00a0de 30 agencias del gobierno\u201d, declar\u00f3\u00a0Liz Shuler, la presidenta de la central obrera nacional. Coincidi\u00f3 con AFGE al subrayar que \u201cqueda claro que esta orden es un castigo para los sindicatos que est\u00e1n\u00a0encabezando la lucha contra las acciones ilegales de este gobierno en los tribunales -y un intento descarado para silenciarnos\u201d.<\/p>\n<p class=\"nota-justify\">El l\u00edder\u00a0del sindicato automotriz UAW Shawn Fain denunci\u00f3\u00a0la orden de Trump para \u201cpisotear los derechos sindicales de m\u00e1s\u00a0de un mill\u00f3n de trabajadores federales, quitando la habilidad de negociar sobre sus condiciones laborales\u201d y declar\u00f3\u00a0que su sindicato de un mill\u00f3n de miembros se suma en solidaridad en defensa de los trabajadores federales \u201ccontra los ataques del gobierno\u00a0de Trump\u201d. Conden\u00f3\u00a0las acciones ya que \u201cno s\u00f3lo\u00a0son un ataque sobre sindicatos -es un ataque contra la libertad de expresi\u00f3n, el derecho de los trabajadores a organizarse, sobre la propia idea de que la gente deber\u00eda de tener voz sobre sus propios empleos y futuros\u201d.<\/p>\n<p class=\"nota-justify\">Sara Nelson, presidenta del gremio de sobrecargos AFA-CWA, advirti\u00f3 que esta orden era s\u00f3lo\u00a0el inicio de m\u00e1s\u00a0ataques contra el movimiento sindical de\u00a0este gobierno y declar\u00f3\u00a0que \u201ces hora de que el movimiento laboral y la fuerza laboral estadunidense se levanten\u00a0por nuestros derechos y luchar por nuestro pa\u00eds\u00a0-con todo lo que se necesite\u201d, reporto\u00a0<i>The Guardian<\/i>El diputado federal Greg Casar, l\u00edder\u00a0del\u00a0<i>Caucus<\/i>\u00a0Progresista (unos 100 legisladores), escribi\u00f3 que \u201ccon esta orden, Trump est\u00e1\u00a0intentando destruir sindicatos y derechos laborales como los hemos entendido por 100 a\u00f1os\u201d y subray\u00f3\u00a0que esta orden es \u201cel ataque m\u00e1s\u00a0peligroso sobre los trabajadores de Estados Unidos\u00a0hasta la fecha. Tenemos que levantarnos para frenar esto -en las calles y en los pasillos del Congreso- o si no, Trump entregar\u00e1\u00a0cada uno de nuestros derechos a los multimillonarios\u201d.<\/p>\n<p class=\"nota-justify\">El influyente diputado federal dem\u00f3crata Jamie Raskin declar\u00f3\u00a0que \u201cqueda claro\u2026 que esto es en represalia contra el movimiento laboral por defender derechos de los trabajadores. Cuando golpes de estado derechistas y tomas de poder por autoritarios ocurren alrededor del mundo, lo primero\u00a0que hacen es atacar al servicio civil, y despu\u00e9s\u00a0atacan al movimiento laboral\u201d.<\/p>\n<p class=\"nota-justify\">El precedente a esta acci\u00f3n fue hace 44 a\u00f1os cuando el presidente Reagan despidi\u00f3 a unos 12 mil controladores a\u00e9reos en huelga en 1981 no s\u00f3lo para\u00a0destruir su sindicato y romper la huelga, sino para dar luz verde a una ofensiva total de empresarios contra el movimiento sindical con consecuencias devastadoras\u00a0que aun se sienten hoy d\u00eda\u00a0con tal vez el nivel m\u00e1s\u00a0bajo de agremiados -solo 9.9\u00a0por ciento- \u00a0en la historia moderna del sindicalismo estadunidense. La gran marcha del D\u00eda\u00a0de Solidaridad de septiembre de 1981 en Washington en respuesta al ataque contra el sindicalismo fue una de las expresiones laborales m\u00e1s\u00a0grandes, tal vez con hasta medio mill\u00f3n de participantes. Pero fracas\u00f3\u00a0la demanda de re-contratar a los huelguistas y desde entonces, el sindicalismo estadunidense ha sido debilitado aunque en a\u00f1os recientes hay se\u00f1ales de un posible renacimiento.<\/p>\n<div class=\"teads-inread sm-screen\">\n<div>\n<div class=\"teads-ui-components-adchoices\"><\/div>\n<\/div>\n<\/div>\n","protected":false},"excerpt":{"rendered":"<p>Sin ruido ni grandes proclamaciones, el presidente Donald Trump lanz\u00f3\u00a0el mayor ataque contra el sindicalismo en la historia moderna desde<\/p>\n","protected":false},"author":4,"featured_media":53405,"comment_status":"closed","ping_status":"closed","sticky":false,"template":"","format":"standard","meta":{"colormag_page_container_layout":"default_layout","colormag_page_sidebar_layout":"default_layout","_jetpack_memberships_contains_paid_content":false,"footnotes":"","jetpack_publicize_message":"","jetpack_publicize_feature_enabled":true,"jetpack_social_post_already_shared":true,"jetpack_social_options":{"image_generator_settings":{"template":"highway","default_image_id":0,"font":"","enabled":false},"version":2}},"categories":[355],"tags":[],"class_list":["post-53404","post","type-post","status-publish","format-standard","has-post-thumbnail","hentry","category-internacional"],"jetpack_publicize_connections":[],"jetpack_featured_media_url":"https:\/\/noticiasveracruz.com\/wp-content\/uploads\/2025\/03\/TERE.jpg","jetpack_sharing_enabled":true,"publishpress_future_action":{"enabled":false,"date":"2026-05-08 08:41:45","action":"change-status","newStatus":"draft","terms":[],"taxonomy":"category","extraData":[]},"publishpress_future_workflow_manual_trigger":{"enabledWorkflows":[]},"_links":{"self":[{"href":"https:\/\/noticiasveracruz.com\/index.php\/wp-json\/wp\/v2\/posts\/53404","targetHints":{"allow":["GET"]}}],"collection":[{"href":"https:\/\/noticiasveracruz.com\/index.php\/wp-json\/wp\/v2\/posts"}],"about":[{"href":"https:\/\/noticiasveracruz.com\/index.php\/wp-json\/wp\/v2\/types\/post"}],"author":[{"embeddable":true,"href":"https:\/\/noticiasveracruz.com\/index.php\/wp-json\/wp\/v2\/users\/4"}],"replies":[{"embeddable":true,"href":"https:\/\/noticiasveracruz.com\/index.php\/wp-json\/wp\/v2\/comments?post=53404"}],"version-history":[{"count":0,"href":"https:\/\/noticiasveracruz.com\/index.php\/wp-json\/wp\/v2\/posts\/53404\/revisions"}],"wp:featuredmedia":[{"embeddable":true,"href":"https:\/\/noticiasveracruz.com\/index.php\/wp-json\/wp\/v2\/media\/53405"}],"wp:attachment":[{"href":"https:\/\/noticiasveracruz.com\/index.php\/wp-json\/wp\/v2\/media?parent=53404"}],"wp:term":[{"taxonomy":"category","embeddable":true,"href":"https:\/\/noticiasveracruz.com\/index.php\/wp-json\/wp\/v2\/categories?post=53404"},{"taxonomy":"post_tag","embeddable":true,"href":"https:\/\/noticiasveracruz.com\/index.php\/wp-json\/wp\/v2\/tags?post=53404"}],"curies":[{"name":"wp","href":"https:\/\/api.w.org\/{rel}","templated":true}]}}