{"id":53401,"date":"2025-03-29T00:16:26","date_gmt":"2025-03-29T06:16:26","guid":{"rendered":"https:\/\/noticiasveracruz.com\/?p=53401"},"modified":"2025-03-28T23:02:22","modified_gmt":"2025-03-29T05:02:22","slug":"inicia-regularizacion-de-92-mil-unidades-economicas-de-ecatepec-edomex","status":"publish","type":"post","link":"https:\/\/noticiasveracruz.com\/index.php\/2025\/03\/29\/inicia-regularizacion-de-92-mil-unidades-economicas-de-ecatepec-edomex\/","title":{"rendered":"Inicia regularizaci\u00f3n de 92 mil unidades econ\u00f3micas de Ecatepec, Edomex"},"content":{"rendered":"<p class=\"nota-justify\">El gobierno municipal inici\u00f3 la regularizaci\u00f3n de las 92 mil unidades econ\u00f3micas asentadas en el municipio, las cuales carecen de licencias de funcionamiento actualizada desde hace m\u00e1s de seis a\u00f1os.<\/p>\n<p class=\"nota-justify\">La presidenta municipal de Ecatepec, Azucena Cisneros Coss, entreg\u00f3 las primeras mil licencias de funcionamiento provisional a comerciantes, empresarios e industriales.<\/p>\n<p class=\"nota-justify\">Explic\u00f3 que su gobierno inicia una nueva etapa con los empresarios y los peque\u00f1os comerciantes, porque son quienes mueven la econom\u00eda y es necesario que funcionen en la legalidad, con reglas claras, de manera transparente y en orden, dejando atr\u00e1s la etapa de condicionamiento y extorsi\u00f3n que padecieron.<\/p>\n<p class=\"nota-justify\">\u201cNuestra meta es regularizar a las 92 mil unidades econ\u00f3micas, funcionan con seis a\u00f1os de rezago, pues la \u00faltima licencia data del 2019, contamos con ustedes, de eso estoy segura para construir esta nueva realidad y avanzar juntos para generar mejores condiciones en todos los aspectos\u201d, dijo.<\/p>\n<p class=\"nota-justify\">Resalt\u00f3 que el desarrollo industrial del pa\u00eds no se entender\u00eda sin Ecatepec, debido a la historia y el impacto econ\u00f3mico que genera, de ah\u00ed la importancia de facilitar los escenarios para atraer m\u00e1s inversiones.<\/p>\n<p class=\"nota-justify\">Acompa\u00f1ada de Francisco Cuevas Dobarganes, presidente de la Uni\u00f3n Industrial del Estado de M\u00e9xico (Unidem); Cisneros Coss destac\u00f3 que la relaci\u00f3n con los propietarios de las unidades econ\u00f3micas \u201cahora es clara y transparente como debi\u00f3 haber pasado siempre\u201d.<\/p>\n<p class=\"nota-justify\">La directora de Desarrollo Econ\u00f3mico municipal, Ang\u00e9lica Quijano Hern\u00e1ndez, se\u00f1al\u00f3 que la prioridad es generar sinergias perdurables para que el sector empresarial cuente con su certeza jur\u00eddica, a trav\u00e9s de sus licencias y permisos.<\/p>\n<p class=\"nota-justify\">Peque\u00f1os comerciantes de papeler\u00edas, ferreter\u00edas, salones de belleza y hasta grandes empresas como Jab\u00f3n La Corona, Grupo Jumex y la Universidad de Ecatepec recibieron sus licencias.<\/p>\n","protected":false},"excerpt":{"rendered":"<p>El gobierno municipal inici\u00f3 la regularizaci\u00f3n de las 92 mil unidades econ\u00f3micas asentadas en el municipio, las cuales carecen de<\/p>\n","protected":false},"author":4,"featured_media":53402,"comment_status":"closed","ping_status":"closed","sticky":false,"template":"","format":"standard","meta":{"colormag_page_container_layout":"default_layout","colormag_page_sidebar_layout":"default_layout","_jetpack_memberships_contains_paid_content":false,"footnotes":"","jetpack_publicize_message":"","jetpack_publicize_feature_enabled":true,"jetpack_social_post_already_shared":true,"jetpack_social_options":{"image_generator_settings":{"template":"highway","default_image_id":0,"font":"","enabled":false},"version":2}},"categories":[145],"tags":[],"class_list":["post-53401","post","type-post","status-publish","format-standard","has-post-thumbnail","hentry","category-estados"],"jetpack_publicize_connections":[],"jetpack_featured_media_url":"https:\/\/noticiasveracruz.com\/wp-content\/uploads\/2025\/03\/ECA.jpg","jetpack_sharing_enabled":true,"publishpress_future_action":{"enabled":false,"date":"2026-05-08 07:31:35","action":"change-status","newStatus":"draft","terms":[],"taxonomy":"category","extraData":[]},"publishpress_future_workflow_manual_trigger":{"enabledWorkflows":[]},"_links":{"self":[{"href":"https:\/\/noticiasveracruz.com\/index.php\/wp-json\/wp\/v2\/posts\/53401","targetHints":{"allow":["GET"]}}],"collection":[{"href":"https:\/\/noticiasveracruz.com\/index.php\/wp-json\/wp\/v2\/posts"}],"about":[{"href":"https:\/\/noticiasveracruz.com\/index.php\/wp-json\/wp\/v2\/types\/post"}],"author":[{"embeddable":true,"href":"https:\/\/noticiasveracruz.com\/index.php\/wp-json\/wp\/v2\/users\/4"}],"replies":[{"embeddable":true,"href":"https:\/\/noticiasveracruz.com\/index.php\/wp-json\/wp\/v2\/comments?post=53401"}],"version-history":[{"count":0,"href":"https:\/\/noticiasveracruz.com\/index.php\/wp-json\/wp\/v2\/posts\/53401\/revisions"}],"wp:featuredmedia":[{"embeddable":true,"href":"https:\/\/noticiasveracruz.com\/index.php\/wp-json\/wp\/v2\/media\/53402"}],"wp:attachment":[{"href":"https:\/\/noticiasveracruz.com\/index.php\/wp-json\/wp\/v2\/media?parent=53401"}],"wp:term":[{"taxonomy":"category","embeddable":true,"href":"https:\/\/noticiasveracruz.com\/index.php\/wp-json\/wp\/v2\/categories?post=53401"},{"taxonomy":"post_tag","embeddable":true,"href":"https:\/\/noticiasveracruz.com\/index.php\/wp-json\/wp\/v2\/tags?post=53401"}],"curies":[{"name":"wp","href":"https:\/\/api.w.org\/{rel}","templated":true}]}}