{"id":53395,"date":"2025-03-29T00:14:12","date_gmt":"2025-03-29T06:14:12","guid":{"rendered":"https:\/\/noticiasveracruz.com\/?p=53395"},"modified":"2025-03-28T22:58:11","modified_gmt":"2025-03-29T04:58:11","slug":"protestan-maestros-de-qr-para-demandar-dialogo-con-autoridades-federales","status":"publish","type":"post","link":"https:\/\/noticiasveracruz.com\/index.php\/2025\/03\/29\/protestan-maestros-de-qr-para-demandar-dialogo-con-autoridades-federales\/","title":{"rendered":"Protestan maestros de QR para demandar di\u00e1logo con autoridades federales"},"content":{"rendered":"<p>Cientos de maestros de educaci\u00f3n b\u00e1sica tomaron las oficinas centrales de la Secretar\u00eda de Educaci\u00f3n en Quintana Roo, adem\u00e1s de bloquear por una hora una de las principales avenidas de Chetumal, capital del estado, en demanda de agilizar el di\u00e1logo para que sus peticiones sean escuchadas a nivel federal y estatal.<\/p>\n<p>Anticiparon que habr\u00e1 nuevas movilizaciones, pero no se har\u00e1n anuncios previos para que no sean boicoteados.<\/p>\n<p>El vocero oficial del Comit\u00e9 Central de Lucha de Quintana Roo, Xavier M\u00e9ndez, inform\u00f3 que a la capital del estado llegaron contingentes de docentes de los municipios de Bacalar, Felipe Carrillo Puerto y Jos\u00e9 Mar\u00eda Morelos, quienes participaron en el bloqueo a la avenida Insurgentes, adem\u00e1s de realizar cierres intermitentes en la avenida Rojo G\u00f3mez.<\/p>\n<p>Se\u00f1al\u00f3 que desde las cinco de la ma\u00f1ana tomaron las oficinas centrales de la secretar\u00eda, instal\u00e1ndose en la explanada principal, sin entrar a las instalaciones, pero impidiendo el paso de los trabajadores administrativos, aunque el personal nunca se present\u00f3 a laborar.<\/p>\n<p>El vocero del movimiento demand\u00f3 que el Comit\u00e9 Central de Lucha sea tomado en cuenta en las negociaciones que se realizan en la Ciudad de M\u00e9xico, as\u00ed mismo, exigi\u00f3 que las autoridades educativas dejen de tergiversar informaci\u00f3n porque ya caus\u00f3 confusi\u00f3n entre los compa\u00f1eros de lucha, por ello el 10 por ciento de los docentes regresaron a las aulas.<\/p>\n<p>Por su parte, en Canc\u00fan, la maestra de educaci\u00f3n especial, Maricruz Carrillo Orozco, advirti\u00f3 que ya hay una divisi\u00f3n en el movimiento, espec\u00edficamente entre los profesores que piden regresar a clases y continuar la lucha desde las aulas, y quienes prefieren seguir en el movimiento parista.<\/p>\n<p>Advirti\u00f3 que en las \u00faltimas movilizaciones que se llevaron a cabo en Canc\u00fan tuvieron infiltrados, con intereses pol\u00edticos lo cual gener\u00f3 confrontaciones y desvirtu\u00f3 el prop\u00f3sito del movimiento.<\/p>\n<p>Cabe recordar que esta semana regresaron a las aulas los maestros de educaci\u00f3n media superior, del Colegio de Bachilleres, y los del CONALEP, aunque seg\u00fan el vocero del Comit\u00e9 de Lucha, en el \u00faltimo caso solo fue cerca del 30 por ciento el que retorn\u00f3 a las aulas.<\/p>\n","protected":false},"excerpt":{"rendered":"<p>Cientos de maestros de educaci\u00f3n b\u00e1sica tomaron las oficinas centrales de la Secretar\u00eda de Educaci\u00f3n en Quintana Roo, adem\u00e1s de<\/p>\n","protected":false},"author":4,"featured_media":53396,"comment_status":"closed","ping_status":"closed","sticky":false,"template":"","format":"standard","meta":{"colormag_page_container_layout":"default_layout","colormag_page_sidebar_layout":"default_layout","_jetpack_memberships_contains_paid_content":false,"footnotes":"","jetpack_publicize_message":"","jetpack_publicize_feature_enabled":true,"jetpack_social_post_already_shared":true,"jetpack_social_options":{"image_generator_settings":{"template":"highway","default_image_id":0,"font":"","enabled":false},"version":2}},"categories":[145],"tags":[],"class_list":["post-53395","post","type-post","status-publish","format-standard","has-post-thumbnail","hentry","category-estados"],"jetpack_publicize_connections":[],"jetpack_featured_media_url":"https:\/\/noticiasveracruz.com\/wp-content\/uploads\/2025\/03\/QR.jpg","jetpack_sharing_enabled":true,"publishpress_future_action":{"enabled":false,"date":"2026-05-08 05:58:54","action":"change-status","newStatus":"draft","terms":[],"taxonomy":"category","extraData":[]},"publishpress_future_workflow_manual_trigger":{"enabledWorkflows":[]},"_links":{"self":[{"href":"https:\/\/noticiasveracruz.com\/index.php\/wp-json\/wp\/v2\/posts\/53395","targetHints":{"allow":["GET"]}}],"collection":[{"href":"https:\/\/noticiasveracruz.com\/index.php\/wp-json\/wp\/v2\/posts"}],"about":[{"href":"https:\/\/noticiasveracruz.com\/index.php\/wp-json\/wp\/v2\/types\/post"}],"author":[{"embeddable":true,"href":"https:\/\/noticiasveracruz.com\/index.php\/wp-json\/wp\/v2\/users\/4"}],"replies":[{"embeddable":true,"href":"https:\/\/noticiasveracruz.com\/index.php\/wp-json\/wp\/v2\/comments?post=53395"}],"version-history":[{"count":0,"href":"https:\/\/noticiasveracruz.com\/index.php\/wp-json\/wp\/v2\/posts\/53395\/revisions"}],"wp:featuredmedia":[{"embeddable":true,"href":"https:\/\/noticiasveracruz.com\/index.php\/wp-json\/wp\/v2\/media\/53396"}],"wp:attachment":[{"href":"https:\/\/noticiasveracruz.com\/index.php\/wp-json\/wp\/v2\/media?parent=53395"}],"wp:term":[{"taxonomy":"category","embeddable":true,"href":"https:\/\/noticiasveracruz.com\/index.php\/wp-json\/wp\/v2\/categories?post=53395"},{"taxonomy":"post_tag","embeddable":true,"href":"https:\/\/noticiasveracruz.com\/index.php\/wp-json\/wp\/v2\/tags?post=53395"}],"curies":[{"name":"wp","href":"https:\/\/api.w.org\/{rel}","templated":true}]}}