{"id":53392,"date":"2025-03-29T00:13:12","date_gmt":"2025-03-29T06:13:12","guid":{"rendered":"https:\/\/noticiasveracruz.com\/?p=53392"},"modified":"2025-03-28T22:56:11","modified_gmt":"2025-03-29T04:56:11","slug":"abren-nuevo-centro-de-atencion-a-solicitantes-de-asilo-en-chiapas","status":"publish","type":"post","link":"https:\/\/noticiasveracruz.com\/index.php\/2025\/03\/29\/abren-nuevo-centro-de-atencion-a-solicitantes-de-asilo-en-chiapas\/","title":{"rendered":"Abren nuevo centro de atenci\u00f3n a solicitantes de asilo en Chiapas"},"content":{"rendered":"<p>El Alto Comisionado de Naciones Unidas para los Refugiados y la Comisi\u00f3n Mexicana de Ayuda a Refugiados pusieron en funciones el nuevo Centro Multiservicios para brindar una mejor atenci\u00f3n a los solicitantes de asilo en la frontera con Guatemala.<\/p>\n<p>Decenas de solicitantes acudieron este viernes al nuevo inmueble en el que se pretende centralizar la atenci\u00f3n a los extranjeros que requieran protecci\u00f3n internacional para evitar que deambulen entre oficinas gubernamentales de un sitio a otro.<\/p>\n<p>Hasta ahora los solicitantes ten\u00edan que hacer tr\u00e1mites en al menos tres oficinas de la Comar ubicadas en varios puntos de Tapachula, cuya ciudad concentra a m\u00e1s del 60 por ciento de todas las peticiones que se realizan en el pa\u00eds.<\/p>\n<p>En el espacio de siete mil metros cuadros, cuyo predio fue donado por el Gobierno de Chiapas y construido con financiamiento de ACNUR, se pretende que paulatinamente otras dependencias relacionadas con la movilidad humana puedan instalarse para ofrecer una atenci\u00f3n m\u00e1s integral, indicaron funcionarios de la Comar y del ACNUR.<\/p>\n<p>El Centro Multiservicio tendr\u00e1 la capacidad de atender hasta 1 mil 500 solicitantes en donde podr\u00edan hacer su preregistro, el registro de sus datos biom\u00e9tricos y obtener la CURP, as\u00ed como hacer la fase de entrevistas de elegibilidad.<\/p>\n<p>Migrantes que acudieron este d\u00eda confiaron en que esta nueva oficina les permita simplificar y agilizar los procesos ya que existen casos en los que llevan meses esperando respuesta a sus solicitudes de asilo.<\/p>\n<p>&nbsp;<\/p>\n","protected":false},"excerpt":{"rendered":"<p>El Alto Comisionado de Naciones Unidas para los Refugiados y la Comisi\u00f3n Mexicana de Ayuda a Refugiados pusieron en funciones<\/p>\n","protected":false},"author":4,"featured_media":53393,"comment_status":"closed","ping_status":"closed","sticky":false,"template":"","format":"standard","meta":{"colormag_page_container_layout":"default_layout","colormag_page_sidebar_layout":"default_layout","_jetpack_memberships_contains_paid_content":false,"footnotes":"","jetpack_publicize_message":"","jetpack_publicize_feature_enabled":true,"jetpack_social_post_already_shared":true,"jetpack_social_options":{"image_generator_settings":{"template":"highway","default_image_id":0,"font":"","enabled":false},"version":2}},"categories":[145],"tags":[],"class_list":["post-53392","post","type-post","status-publish","format-standard","has-post-thumbnail","hentry","category-estados"],"jetpack_publicize_connections":[],"jetpack_featured_media_url":"https:\/\/noticiasveracruz.com\/wp-content\/uploads\/2025\/03\/ASIL.jpg","jetpack_sharing_enabled":true,"publishpress_future_action":{"enabled":false,"date":"2026-05-08 05:15:29","action":"change-status","newStatus":"draft","terms":[],"taxonomy":"category","extraData":[]},"publishpress_future_workflow_manual_trigger":{"enabledWorkflows":[]},"_links":{"self":[{"href":"https:\/\/noticiasveracruz.com\/index.php\/wp-json\/wp\/v2\/posts\/53392","targetHints":{"allow":["GET"]}}],"collection":[{"href":"https:\/\/noticiasveracruz.com\/index.php\/wp-json\/wp\/v2\/posts"}],"about":[{"href":"https:\/\/noticiasveracruz.com\/index.php\/wp-json\/wp\/v2\/types\/post"}],"author":[{"embeddable":true,"href":"https:\/\/noticiasveracruz.com\/index.php\/wp-json\/wp\/v2\/users\/4"}],"replies":[{"embeddable":true,"href":"https:\/\/noticiasveracruz.com\/index.php\/wp-json\/wp\/v2\/comments?post=53392"}],"version-history":[{"count":0,"href":"https:\/\/noticiasveracruz.com\/index.php\/wp-json\/wp\/v2\/posts\/53392\/revisions"}],"wp:featuredmedia":[{"embeddable":true,"href":"https:\/\/noticiasveracruz.com\/index.php\/wp-json\/wp\/v2\/media\/53393"}],"wp:attachment":[{"href":"https:\/\/noticiasveracruz.com\/index.php\/wp-json\/wp\/v2\/media?parent=53392"}],"wp:term":[{"taxonomy":"category","embeddable":true,"href":"https:\/\/noticiasveracruz.com\/index.php\/wp-json\/wp\/v2\/categories?post=53392"},{"taxonomy":"post_tag","embeddable":true,"href":"https:\/\/noticiasveracruz.com\/index.php\/wp-json\/wp\/v2\/tags?post=53392"}],"curies":[{"name":"wp","href":"https:\/\/api.w.org\/{rel}","templated":true}]}}