{"id":53389,"date":"2025-03-29T00:12:26","date_gmt":"2025-03-29T06:12:26","guid":{"rendered":"https:\/\/noticiasveracruz.com\/?p=53389"},"modified":"2025-03-28T22:23:16","modified_gmt":"2025-03-29T04:23:16","slug":"wall-street-cierra-con-perdidas-en-plena-tormenta-por-aranceles-de-trump","status":"publish","type":"post","link":"https:\/\/noticiasveracruz.com\/index.php\/2025\/03\/29\/wall-street-cierra-con-perdidas-en-plena-tormenta-por-aranceles-de-trump\/","title":{"rendered":"Wall Street cierra con p\u00e9rdidas, en plena tormenta por aranceles de Trump"},"content":{"rendered":"<p class=\"nota-justify\">La Bolsa de Nueva York termin\u00f3 la semana con una fuerte ca\u00edda, particularmente preocupada a pocos d\u00edas de que entren en vigor los aranceles anunciados por el presidente Donald Trump, en medio de una inflaci\u00f3n estadunidense persistente.<\/p>\n<p class=\"nota-justify\">El Dow Jones retrocedi\u00f3 este viernes 1.69 por ciento, el \u00edndice Nasdaq cay\u00f3 2.70 y el \u00edndice ampliado S&amp;P 500 perdi\u00f3 1.97 por ciento.<\/p>\n","protected":false},"excerpt":{"rendered":"<p>La Bolsa de Nueva York termin\u00f3 la semana con una fuerte ca\u00edda, particularmente preocupada a pocos d\u00edas de que entren<\/p>\n","protected":false},"author":4,"featured_media":53390,"comment_status":"closed","ping_status":"closed","sticky":false,"template":"","format":"standard","meta":{"colormag_page_container_layout":"default_layout","colormag_page_sidebar_layout":"default_layout","_jetpack_memberships_contains_paid_content":false,"footnotes":"","jetpack_publicize_message":"","jetpack_publicize_feature_enabled":true,"jetpack_social_post_already_shared":true,"jetpack_social_options":{"image_generator_settings":{"template":"highway","default_image_id":0,"font":"","enabled":false},"version":2}},"categories":[1947],"tags":[],"class_list":["post-53389","post","type-post","status-publish","format-standard","has-post-thumbnail","hentry","category-economia"],"jetpack_publicize_connections":[],"jetpack_featured_media_url":"https:\/\/noticiasveracruz.com\/wp-content\/uploads\/2025\/03\/WS.jpg","jetpack_sharing_enabled":true,"publishpress_future_action":{"enabled":false,"date":"2026-05-08 03:27:23","action":"change-status","newStatus":"draft","terms":[],"taxonomy":"category","extraData":[]},"publishpress_future_workflow_manual_trigger":{"enabledWorkflows":[]},"_links":{"self":[{"href":"https:\/\/noticiasveracruz.com\/index.php\/wp-json\/wp\/v2\/posts\/53389","targetHints":{"allow":["GET"]}}],"collection":[{"href":"https:\/\/noticiasveracruz.com\/index.php\/wp-json\/wp\/v2\/posts"}],"about":[{"href":"https:\/\/noticiasveracruz.com\/index.php\/wp-json\/wp\/v2\/types\/post"}],"author":[{"embeddable":true,"href":"https:\/\/noticiasveracruz.com\/index.php\/wp-json\/wp\/v2\/users\/4"}],"replies":[{"embeddable":true,"href":"https:\/\/noticiasveracruz.com\/index.php\/wp-json\/wp\/v2\/comments?post=53389"}],"version-history":[{"count":0,"href":"https:\/\/noticiasveracruz.com\/index.php\/wp-json\/wp\/v2\/posts\/53389\/revisions"}],"wp:featuredmedia":[{"embeddable":true,"href":"https:\/\/noticiasveracruz.com\/index.php\/wp-json\/wp\/v2\/media\/53390"}],"wp:attachment":[{"href":"https:\/\/noticiasveracruz.com\/index.php\/wp-json\/wp\/v2\/media?parent=53389"}],"wp:term":[{"taxonomy":"category","embeddable":true,"href":"https:\/\/noticiasveracruz.com\/index.php\/wp-json\/wp\/v2\/categories?post=53389"},{"taxonomy":"post_tag","embeddable":true,"href":"https:\/\/noticiasveracruz.com\/index.php\/wp-json\/wp\/v2\/tags?post=53389"}],"curies":[{"name":"wp","href":"https:\/\/api.w.org\/{rel}","templated":true}]}}