{"id":53386,"date":"2025-03-29T00:11:24","date_gmt":"2025-03-29T06:11:24","guid":{"rendered":"https:\/\/noticiasveracruz.com\/?p=53386"},"modified":"2025-03-28T22:21:29","modified_gmt":"2025-03-29T04:21:29","slug":"china-pide-proteger-comercio-ante-amenazas-de-trump","status":"publish","type":"post","link":"https:\/\/noticiasveracruz.com\/index.php\/2025\/03\/29\/china-pide-proteger-comercio-ante-amenazas-de-trump\/","title":{"rendered":"China pide proteger comercio ante amenazas de Trump"},"content":{"rendered":"<p>El presidente de China, Xi Jinping, inst\u00f3 el viernes a una reuni\u00f3n de consejeros delegados a nivel global a proteger las cadenas industriales y de suministro mientras Pek\u00edn trata de calmar las preocupaciones de las empresas extranjeras sobre la salud de la econom\u00eda china y la amenaza de Estados Unidos de m\u00e1s aranceles.<\/p>\n<p>Pek\u00edn se ha esforzado por disipar los temores de que una renovada guerra comercial con el presidente de EU, Donald Trump, comprima a\u00fan m\u00e1s el crecimiento de la segunda econom\u00eda m\u00e1s grande del mundo, cuya recuperaci\u00f3n desde el final de la pandemia ha llegado a ser s\u00f3lida.<\/p>\n<p>El prolongado malestar por el endurecimiento de las regulaciones de China, las bruscas medidas en\u00e9rgicas contra las empresas extranjeras y un terreno de juego desigual que favorece a las empresas chinas de propiedad estatal tambi\u00e9n est\u00e1n minando la confianza empresarial.<\/p>\n<p>\u00abTenemos que trabajar juntos para mantener la estabilidad de las cadenas industriales y de suministro mundiales, que es una garant\u00eda importante para el desarrollo saludable de la econom\u00eda mundial\u00bb, dijo Xi a los l\u00edderes empresariales, entre los que se encontraban los jefes de AstraZeneca , FedEx, Saudi Aramco y Standard Chartered y Toyota.<\/p>\n<p>\u00abEspero que todos puedan adoptar una perspectiva amplia, no dejarse influir por distracciones pasajeras en la industria y no seguir ciegamente acciones que perturban la seguridad y la estabilidad de las cadenas industriales y de suministro mundiales\u00bb.<\/p>\n<p>A la reuni\u00f3n asistieron unos 40 ejecutivos, la mayor\u00eda representantes del sector farmac\u00e9utico. La reuni\u00f3n dur\u00f3 algo m\u00e1s de 90 minutos y se invit\u00f3 a hablar a siete empresas, seg\u00fan una fuente con conocimiento directo de su planificaci\u00f3n.<\/p>\n<p>Los ejecutivos se sentaron en una mesa con forma de herradura: Ola K\u00e4llenius, consejero delegado de Mercedes-Benz, y Raj Subramaniam, de FedEx, justo enfrente de Xi.<\/p>\n<p>Georges Elhedery, consejero delegado de HSBC, Kwak Noh-jung, de SK Hynix.<\/p>\n","protected":false},"excerpt":{"rendered":"<p>El presidente de China, Xi Jinping, inst\u00f3 el viernes a una reuni\u00f3n de consejeros delegados a nivel global a proteger<\/p>\n","protected":false},"author":4,"featured_media":53387,"comment_status":"closed","ping_status":"closed","sticky":false,"template":"","format":"standard","meta":{"colormag_page_container_layout":"default_layout","colormag_page_sidebar_layout":"default_layout","_jetpack_memberships_contains_paid_content":false,"footnotes":"","jetpack_publicize_message":"","jetpack_publicize_feature_enabled":true,"jetpack_social_post_already_shared":true,"jetpack_social_options":{"image_generator_settings":{"template":"highway","default_image_id":0,"font":"","enabled":false},"version":2}},"categories":[1947],"tags":[],"class_list":["post-53386","post","type-post","status-publish","format-standard","has-post-thumbnail","hentry","category-economia"],"jetpack_publicize_connections":[],"jetpack_featured_media_url":"https:\/\/noticiasveracruz.com\/wp-content\/uploads\/2025\/03\/CHN.jpg","jetpack_sharing_enabled":true,"publishpress_future_action":{"enabled":false,"date":"2026-05-08 03:27:22","action":"change-status","newStatus":"draft","terms":[],"taxonomy":"category","extraData":[]},"publishpress_future_workflow_manual_trigger":{"enabledWorkflows":[]},"_links":{"self":[{"href":"https:\/\/noticiasveracruz.com\/index.php\/wp-json\/wp\/v2\/posts\/53386","targetHints":{"allow":["GET"]}}],"collection":[{"href":"https:\/\/noticiasveracruz.com\/index.php\/wp-json\/wp\/v2\/posts"}],"about":[{"href":"https:\/\/noticiasveracruz.com\/index.php\/wp-json\/wp\/v2\/types\/post"}],"author":[{"embeddable":true,"href":"https:\/\/noticiasveracruz.com\/index.php\/wp-json\/wp\/v2\/users\/4"}],"replies":[{"embeddable":true,"href":"https:\/\/noticiasveracruz.com\/index.php\/wp-json\/wp\/v2\/comments?post=53386"}],"version-history":[{"count":0,"href":"https:\/\/noticiasveracruz.com\/index.php\/wp-json\/wp\/v2\/posts\/53386\/revisions"}],"wp:featuredmedia":[{"embeddable":true,"href":"https:\/\/noticiasveracruz.com\/index.php\/wp-json\/wp\/v2\/media\/53387"}],"wp:attachment":[{"href":"https:\/\/noticiasveracruz.com\/index.php\/wp-json\/wp\/v2\/media?parent=53386"}],"wp:term":[{"taxonomy":"category","embeddable":true,"href":"https:\/\/noticiasveracruz.com\/index.php\/wp-json\/wp\/v2\/categories?post=53386"},{"taxonomy":"post_tag","embeddable":true,"href":"https:\/\/noticiasveracruz.com\/index.php\/wp-json\/wp\/v2\/tags?post=53386"}],"curies":[{"name":"wp","href":"https:\/\/api.w.org\/{rel}","templated":true}]}}