{"id":53383,"date":"2025-03-29T00:10:37","date_gmt":"2025-03-29T06:10:37","guid":{"rendered":"https:\/\/noticiasveracruz.com\/?p=53383"},"modified":"2025-03-28T22:19:30","modified_gmt":"2025-03-29T04:19:30","slug":"anuncia-musk-compra-de-x-por-parte-de-su-empresa-de-inteligencia-artificial","status":"publish","type":"post","link":"https:\/\/noticiasveracruz.com\/index.php\/2025\/03\/29\/anuncia-musk-compra-de-x-por-parte-de-su-empresa-de-inteligencia-artificial\/","title":{"rendered":"Anuncia Musk compra de X por parte de su empresa de inteligencia artificial"},"content":{"rendered":"<p class=\"nota-justify\">El magnate Elon Musk anunci\u00f3 el viernes que su<i>\u00a0start-up<\/i>\u00a0de inteligencia artificial xAI adquiri\u00f3 la red social X, tambi\u00e9n de su propiedad, \u00aben una transacci\u00f3n totalmente en acciones\u00bb que valora la plataforma en 33 mil millones de d\u00f3lares sin contar la deuda.<\/p>\n<p class=\"nota-justify\">\u00abEsta fusi\u00f3n liberar\u00e1 un inmenso potencial al combinar la avanzada capacidad y experiencia de xAI con el alcance masivo de X\u00bb, dijo Musk en la red social. El tambi\u00e9n fundador de Tesla y SpaceX compr\u00f3 Twitter a finales de 2022 por 44 mil millones de d\u00f3lares y la rebautiz\u00f3 como X.<\/p>\n","protected":false},"excerpt":{"rendered":"<p>El magnate Elon Musk anunci\u00f3 el viernes que su\u00a0start-up\u00a0de inteligencia artificial xAI adquiri\u00f3 la red social X, tambi\u00e9n de su<\/p>\n","protected":false},"author":4,"featured_media":53384,"comment_status":"closed","ping_status":"closed","sticky":false,"template":"","format":"standard","meta":{"colormag_page_container_layout":"default_layout","colormag_page_sidebar_layout":"default_layout","_jetpack_memberships_contains_paid_content":false,"footnotes":"","jetpack_publicize_message":"","jetpack_publicize_feature_enabled":true,"jetpack_social_post_already_shared":true,"jetpack_social_options":{"image_generator_settings":{"template":"highway","default_image_id":0,"font":"","enabled":false},"version":2}},"categories":[1947],"tags":[],"class_list":["post-53383","post","type-post","status-publish","format-standard","has-post-thumbnail","hentry","category-economia"],"jetpack_publicize_connections":[],"jetpack_featured_media_url":"https:\/\/noticiasveracruz.com\/wp-content\/uploads\/2025\/03\/MUK.jpg","jetpack_sharing_enabled":true,"publishpress_future_action":{"enabled":false,"date":"2026-05-08 03:36:55","action":"change-status","newStatus":"draft","terms":[],"taxonomy":"category","extraData":[]},"publishpress_future_workflow_manual_trigger":{"enabledWorkflows":[]},"_links":{"self":[{"href":"https:\/\/noticiasveracruz.com\/index.php\/wp-json\/wp\/v2\/posts\/53383","targetHints":{"allow":["GET"]}}],"collection":[{"href":"https:\/\/noticiasveracruz.com\/index.php\/wp-json\/wp\/v2\/posts"}],"about":[{"href":"https:\/\/noticiasveracruz.com\/index.php\/wp-json\/wp\/v2\/types\/post"}],"author":[{"embeddable":true,"href":"https:\/\/noticiasveracruz.com\/index.php\/wp-json\/wp\/v2\/users\/4"}],"replies":[{"embeddable":true,"href":"https:\/\/noticiasveracruz.com\/index.php\/wp-json\/wp\/v2\/comments?post=53383"}],"version-history":[{"count":0,"href":"https:\/\/noticiasveracruz.com\/index.php\/wp-json\/wp\/v2\/posts\/53383\/revisions"}],"wp:featuredmedia":[{"embeddable":true,"href":"https:\/\/noticiasveracruz.com\/index.php\/wp-json\/wp\/v2\/media\/53384"}],"wp:attachment":[{"href":"https:\/\/noticiasveracruz.com\/index.php\/wp-json\/wp\/v2\/media?parent=53383"}],"wp:term":[{"taxonomy":"category","embeddable":true,"href":"https:\/\/noticiasveracruz.com\/index.php\/wp-json\/wp\/v2\/categories?post=53383"},{"taxonomy":"post_tag","embeddable":true,"href":"https:\/\/noticiasveracruz.com\/index.php\/wp-json\/wp\/v2\/tags?post=53383"}],"curies":[{"name":"wp","href":"https:\/\/api.w.org\/{rel}","templated":true}]}}