{"id":53380,"date":"2025-03-29T00:09:02","date_gmt":"2025-03-29T06:09:02","guid":{"rendered":"https:\/\/noticiasveracruz.com\/?p=53380"},"modified":"2025-03-28T22:16:59","modified_gmt":"2025-03-29T04:16:59","slug":"trasladara-nissan-su-produccion-de-vehiculos-de-argentina-a-mexico-en-2026","status":"publish","type":"post","link":"https:\/\/noticiasveracruz.com\/index.php\/2025\/03\/29\/trasladara-nissan-su-produccion-de-vehiculos-de-argentina-a-mexico-en-2026\/","title":{"rendered":"Trasladar\u00e1 Nissan su producci\u00f3n de veh\u00edculos de Argentina a M\u00e9xico en 2026"},"content":{"rendered":"<p>La automotriz japonesa Nissan inform\u00f3 este viernes que a partir de 2026 trasladar\u00e1 toda su producci\u00f3n de veh\u00edculos de Argentina a M\u00e9xico.<\/p>\n<p>\u00abA partir de enero de 2026, Nissan Am\u00e9rica Latina consolidar\u00e1 la producci\u00f3n de las pickups Nissan Frontier\/Nissan Navara, actualmente dividida entre M\u00e9xico y Argentina, en un \u00fanico centro de producci\u00f3n regional, centralizado en la planta CIVAC, en Morelos, M\u00e9xico\u00bb, detall\u00f3 la compa\u00f1\u00eda en un comunicado.<\/p>\n<p>Nissan lleg\u00f3 a Argentina en 2015 y comenz\u00f3 a operar en la provincia de C\u00f3rdoba en agosto de 2018, donde produjo hasta 33 mil unidades anuales.<\/p>\n<p>En octubre de 2018, la automotriz empez\u00f3 a exportar la producci\u00f3n de veh\u00edculos de Argentina a Brasil, mercado al que se sumaron a partir de 2023 las filiales de Chile y Colombia.<\/p>\n<p>El a\u00f1o pasado fue un periodo complicado para la automotriz, que suspendi\u00f3 a su personal durante 100 d\u00edas y redujo su producci\u00f3n a 17 mil 500 unidades anuales.<\/p>\n<p>Seg\u00fan la empresa, la decisi\u00f3n de cerrar su planta en Argentina responde a la necesidad de \u00abmejorar la competitividad de sus productos\u00bb.<\/p>\n<p>La firma japonesa funcion\u00f3 hasta ahora con 65 puntos de venta y servicio en todo el pa\u00eds, seg\u00fan refiri\u00f3 el presidente de Nissan Argentina, Chile y Per\u00fa, Ricardo Flammini.<\/p>\n<p>La industria automotriz enfrenta uno de los niveles m\u00e1s bajos de utilizaci\u00f3n de su capacidad instalada, con solo un 34,8 por ciento de capacidad en enero, seg\u00fan el Instituto Nacional de Estad\u00edsticas y Censos, lo que sit\u00faa al sector como uno de los m\u00e1s inactivos de la cadena productiva, solo superado por el sector textil.<\/p>\n","protected":false},"excerpt":{"rendered":"<p>La automotriz japonesa Nissan inform\u00f3 este viernes que a partir de 2026 trasladar\u00e1 toda su producci\u00f3n de veh\u00edculos de Argentina<\/p>\n","protected":false},"author":4,"featured_media":53381,"comment_status":"closed","ping_status":"closed","sticky":false,"template":"","format":"standard","meta":{"colormag_page_container_layout":"default_layout","colormag_page_sidebar_layout":"default_layout","_jetpack_memberships_contains_paid_content":false,"footnotes":"","jetpack_publicize_message":"","jetpack_publicize_feature_enabled":true,"jetpack_social_post_already_shared":true,"jetpack_social_options":{"image_generator_settings":{"template":"highway","default_image_id":0,"font":"","enabled":false},"version":2}},"categories":[1947],"tags":[],"class_list":["post-53380","post","type-post","status-publish","format-standard","has-post-thumbnail","hentry","category-economia"],"jetpack_publicize_connections":[],"jetpack_featured_media_url":"https:\/\/noticiasveracruz.com\/wp-content\/uploads\/2025\/03\/NISS.jpg","jetpack_sharing_enabled":true,"publishpress_future_action":{"enabled":false,"date":"2026-05-08 03:27:22","action":"change-status","newStatus":"draft","terms":[],"taxonomy":"category","extraData":[]},"publishpress_future_workflow_manual_trigger":{"enabledWorkflows":[]},"_links":{"self":[{"href":"https:\/\/noticiasveracruz.com\/index.php\/wp-json\/wp\/v2\/posts\/53380","targetHints":{"allow":["GET"]}}],"collection":[{"href":"https:\/\/noticiasveracruz.com\/index.php\/wp-json\/wp\/v2\/posts"}],"about":[{"href":"https:\/\/noticiasveracruz.com\/index.php\/wp-json\/wp\/v2\/types\/post"}],"author":[{"embeddable":true,"href":"https:\/\/noticiasveracruz.com\/index.php\/wp-json\/wp\/v2\/users\/4"}],"replies":[{"embeddable":true,"href":"https:\/\/noticiasveracruz.com\/index.php\/wp-json\/wp\/v2\/comments?post=53380"}],"version-history":[{"count":0,"href":"https:\/\/noticiasveracruz.com\/index.php\/wp-json\/wp\/v2\/posts\/53380\/revisions"}],"wp:featuredmedia":[{"embeddable":true,"href":"https:\/\/noticiasveracruz.com\/index.php\/wp-json\/wp\/v2\/media\/53381"}],"wp:attachment":[{"href":"https:\/\/noticiasveracruz.com\/index.php\/wp-json\/wp\/v2\/media?parent=53380"}],"wp:term":[{"taxonomy":"category","embeddable":true,"href":"https:\/\/noticiasveracruz.com\/index.php\/wp-json\/wp\/v2\/categories?post=53380"},{"taxonomy":"post_tag","embeddable":true,"href":"https:\/\/noticiasveracruz.com\/index.php\/wp-json\/wp\/v2\/tags?post=53380"}],"curies":[{"name":"wp","href":"https:\/\/api.w.org\/{rel}","templated":true}]}}