{"id":53377,"date":"2025-03-29T00:04:53","date_gmt":"2025-03-29T06:04:53","guid":{"rendered":"https:\/\/noticiasveracruz.com\/?p=53377"},"modified":"2025-03-28T22:14:03","modified_gmt":"2025-03-29T04:14:03","slug":"es-complicadisimo-obtener-ine-fuera-de-mexico-asegura-sheinbaum","status":"publish","type":"post","link":"https:\/\/noticiasveracruz.com\/index.php\/2025\/03\/29\/es-complicadisimo-obtener-ine-fuera-de-mexico-asegura-sheinbaum\/","title":{"rendered":"Es \u201ccomplicad\u00edsimo\u201d obtener INE fuera de M\u00e9xico, asegura Sheinbaum"},"content":{"rendered":"<p class=\"nota-justify\">El gobierno federal busca facilitar y fortalecer la participaci\u00f3n electoral de los mexicanos que viven en el extranjero, asegur\u00f3 este viernes la presidenta Claudia Sheinbaum Pardo, quien asegur\u00f3 que el proceso para obtener la credencial del INE fuera del pa\u00eds sigue siendo \u201dcomplicad\u00edsimo\u201d.<\/p>\n<p class=\"nota-justify\">En su conferencia matutina abord\u00f3 la importancia de la participaci\u00f3n pol\u00edtica de los mexicanos que residen en el extranjero, en particular en Estados Unidos, donde viven entre 28 y 29 millones de personas de origen mexicano.<\/p>\n<p class=\"nota-justify\">Sheinbaum destac\u00f3 que actualmente existen diputados representantes de migrantes en la C\u00e1mara de Diputados, vinculados a circunscripciones en M\u00e9xico a trav\u00e9s del sistema de representaci\u00f3n proporcional. Subray\u00f3 la necesidad de una mayor participaci\u00f3n tanto en la pol\u00edtica mexicana como en la estadounidense, dado que muchos migrantes cuentan con doble nacionalidad, permisos de residencia o empleo.<\/p>\n<p class=\"nota-justify\">Cuestionada sobre la posibilidad de promover la participaci\u00f3n electoral de los migrantes en ambos pa\u00edses, Sheinbaum aclar\u00f3 que el gobierno de M\u00e9xico no puede intervenir en procesos pol\u00edticos de Estados Unidos. Sin embargo, resalt\u00f3 la importancia de incentivar la votaci\u00f3n en M\u00e9xico y simplificar el proceso de obtenci\u00f3n de la credencial electoral en el extranjero. \u201cHoy es una realidad que los mexicanos pueden votar desde fuera, pero es muy dif\u00edcil participar, porque el proceso de registro ante el INE es complicad\u00edsimo y el sistema no siempre funciona adecuadamente\u201d, explic\u00f3.<\/p>\n<p class=\"nota-justify\">Sheinbaum record\u00f3 su propia experiencia como estudiante en California, donde particip\u00f3 en movilizaciones para que se reconociera el derecho al voto de los mexicanos en el extranjero. En este sentido, enfatiz\u00f3 la necesidad de mejorar los mecanismos actuales para que los migrantes puedan participar en las elecciones mexicanas.<\/p>\n<p class=\"nota-justify\">Por otro lado, al ser consultada sobre la obtenci\u00f3n de la Clave \u00danica de Registro de Poblaci\u00f3n (CURP) en el extranjero, confirm\u00f3 que los migrantes ya pueden obtenerla en los consulados. Agreg\u00f3 que se trabaja en vincular este documento a otros derechos, como el acceso a servicios de salud.<\/p>\n<p>La presidenta adelant\u00f3 que en futuras conferencias se explicar\u00e1n con mayor detalle las acciones que su gobierno emprender\u00e1 para fortalecer la identidad y derechos de los mexicanos en el exterior.<\/p>\n","protected":false},"excerpt":{"rendered":"<p>El gobierno federal busca facilitar y fortalecer la participaci\u00f3n electoral de los mexicanos que viven en el extranjero, asegur\u00f3 este<\/p>\n","protected":false},"author":4,"featured_media":53378,"comment_status":"closed","ping_status":"closed","sticky":false,"template":"","format":"standard","meta":{"colormag_page_container_layout":"default_layout","colormag_page_sidebar_layout":"default_layout","_jetpack_memberships_contains_paid_content":false,"footnotes":"","jetpack_publicize_message":"","jetpack_publicize_feature_enabled":true,"jetpack_social_post_already_shared":true,"jetpack_social_options":{"image_generator_settings":{"template":"highway","default_image_id":0,"font":"","enabled":false},"version":2}},"categories":[4],"tags":[],"class_list":["post-53377","post","type-post","status-publish","format-standard","has-post-thumbnail","hentry","category-nacional"],"jetpack_publicize_connections":[],"jetpack_featured_media_url":"https:\/\/noticiasveracruz.com\/wp-content\/uploads\/2025\/03\/INE-1.jpg","jetpack_sharing_enabled":true,"publishpress_future_action":{"enabled":false,"date":"2026-05-08 05:13:28","action":"change-status","newStatus":"draft","terms":[],"taxonomy":"category","extraData":[]},"publishpress_future_workflow_manual_trigger":{"enabledWorkflows":[]},"_links":{"self":[{"href":"https:\/\/noticiasveracruz.com\/index.php\/wp-json\/wp\/v2\/posts\/53377","targetHints":{"allow":["GET"]}}],"collection":[{"href":"https:\/\/noticiasveracruz.com\/index.php\/wp-json\/wp\/v2\/posts"}],"about":[{"href":"https:\/\/noticiasveracruz.com\/index.php\/wp-json\/wp\/v2\/types\/post"}],"author":[{"embeddable":true,"href":"https:\/\/noticiasveracruz.com\/index.php\/wp-json\/wp\/v2\/users\/4"}],"replies":[{"embeddable":true,"href":"https:\/\/noticiasveracruz.com\/index.php\/wp-json\/wp\/v2\/comments?post=53377"}],"version-history":[{"count":0,"href":"https:\/\/noticiasveracruz.com\/index.php\/wp-json\/wp\/v2\/posts\/53377\/revisions"}],"wp:featuredmedia":[{"embeddable":true,"href":"https:\/\/noticiasveracruz.com\/index.php\/wp-json\/wp\/v2\/media\/53378"}],"wp:attachment":[{"href":"https:\/\/noticiasveracruz.com\/index.php\/wp-json\/wp\/v2\/media?parent=53377"}],"wp:term":[{"taxonomy":"category","embeddable":true,"href":"https:\/\/noticiasveracruz.com\/index.php\/wp-json\/wp\/v2\/categories?post=53377"},{"taxonomy":"post_tag","embeddable":true,"href":"https:\/\/noticiasveracruz.com\/index.php\/wp-json\/wp\/v2\/tags?post=53377"}],"curies":[{"name":"wp","href":"https:\/\/api.w.org\/{rel}","templated":true}]}}