{"id":53362,"date":"2025-03-29T00:03:00","date_gmt":"2025-03-29T06:03:00","guid":{"rendered":"https:\/\/noticiasveracruz.com\/?p=53362"},"modified":"2025-03-28T21:46:09","modified_gmt":"2025-03-29T03:46:09","slug":"nahle-fortalece-lazos-con-el-poder-judicial","status":"publish","type":"post","link":"https:\/\/noticiasveracruz.com\/index.php\/2025\/03\/29\/nahle-fortalece-lazos-con-el-poder-judicial\/","title":{"rendered":"Nahle fortalece lazos con el Poder Judicial"},"content":{"rendered":"<p>La gobernadora Roc\u00edo Nahle Garc\u00eda, reafirm\u00f3 su compromiso con el fortalecimiento de la justicia durante la inauguraci\u00f3n de la Primera Asamblea Plenaria Ordinaria de la Comisi\u00f3n Nacional de Tribunales Superiores de Justicia de los Estados Unidos Mexicanos (CONATRIB), evento que re\u00fane a magistradas y magistrados de todo el pa\u00eds del 27 al 29 de marzo en el World Trade Center.<\/p>\n<p>Destac\u00f3 la importancia del trabajo coordinado entre los poderes del Estado y reiter\u00f3 el gran compromiso de continuar fortaleciendo y consolidando las instituciones encargadas de la administraci\u00f3n de justicia, \u201cpara seguir construyendo un pueblo donde se garantice el bienestar, la igualdad, los derechos humanos y la justicia social de manera pronta, eficaz y expedita\u201d.<\/p>\n<p>Expuso la implementaci\u00f3n del programa Veracruzana Protegida, que permite la protecci\u00f3n inmediata de mujeres en situaci\u00f3n de riesgo a trav\u00e9s de una aplicaci\u00f3n con conexi\u00f3n directa a jueces y fuerzas de seguridad, as\u00ed como Amiga, Yo Te Ayudo, en coordinaci\u00f3n con establecimientos comerciales, que facilita la asistencia a v\u00edctimas de violencia.<\/p>\n<p>Finalmente, subray\u00f3 la importancia de este encuentro, \u201cestoy segura de que en el intercambio de experiencias e ideas expresadas en este espacio se contribuir\u00e1 al dise\u00f1o de rutas de acci\u00f3n que fortalezcan la impartici\u00f3n de justicia en la Rep\u00fablica\u201d.<\/p>\n<p>El presidente de la CONATRIB, magistrado Rafael Guerra \u00c1lvarez, reconoci\u00f3 a la Mandataria, destacando su liderazgo y trayectoria, \u201cdeseamos que su gobierno sea reconocido por la historia. Usted ha sido encargada de conducir responsabilidades de envergadura nacional y de calado hist\u00f3rico, llegando siempre a un buen puerto\u201d.<\/p>\n<p>Como anfitriona, la magistrada presidenta del Tribunal Superior de Justicia, Lisbeth Aurelia Jim\u00e9nez Aguirre, anunci\u00f3 la firma de un convenio entre la CONATRIB y la Secretar\u00eda de las Mujeres, a cargo de Citlalli Hern\u00e1ndez Mora, con el fin de fortalecer la impartici\u00f3n de justicia con enfoque de igualdad de g\u00e9nero.<\/p>\n<p>\u201cDejamos un mensaje claro: en Veracruz, la justicia con perspectiva de g\u00e9nero no es un discurso, es una realidad. En este camino, reconocemos el invaluable apoyo de nuestra gobernadora Roc\u00edo Nahle Garc\u00eda, quien ha demostrado con hechos su compromiso con la equidad y el fortalecimiento de nuestras instituciones\u201d.<\/p>\n<p>Entre los asistentes estuvieron la presidenta de la Mesa Directiva del Congreso del Estado, la diputada Tanya Carola Viveros Ch\u00e1zaro; magistradas y magistrados presidentes de los tribunales estatales, senadoras, senadores, diputadas y diputados federales y locales, as\u00ed como presidentas y presidentes municipales.<\/p>\n","protected":false},"excerpt":{"rendered":"<p>La gobernadora Roc\u00edo Nahle Garc\u00eda, reafirm\u00f3 su compromiso con el fortalecimiento de la justicia durante la inauguraci\u00f3n de la Primera<\/p>\n","protected":false},"author":4,"featured_media":53363,"comment_status":"closed","ping_status":"closed","sticky":false,"template":"","format":"standard","meta":{"colormag_page_container_layout":"default_layout","colormag_page_sidebar_layout":"default_layout","_jetpack_memberships_contains_paid_content":false,"footnotes":"","jetpack_publicize_message":"","jetpack_publicize_feature_enabled":true,"jetpack_social_post_already_shared":true,"jetpack_social_options":{"image_generator_settings":{"template":"highway","default_image_id":0,"font":"","enabled":false},"version":2}},"categories":[356],"tags":[],"class_list":["post-53362","post","type-post","status-publish","format-standard","has-post-thumbnail","hentry","category-veracruz"],"jetpack_publicize_connections":[],"jetpack_featured_media_url":"https:\/\/noticiasveracruz.com\/wp-content\/uploads\/2025\/03\/9a-16-scaled.jpg","jetpack_sharing_enabled":true,"publishpress_future_action":{"enabled":false,"date":"2026-05-08 05:07:54","action":"change-status","newStatus":"draft","terms":[],"taxonomy":"category","extraData":[]},"publishpress_future_workflow_manual_trigger":{"enabledWorkflows":[]},"_links":{"self":[{"href":"https:\/\/noticiasveracruz.com\/index.php\/wp-json\/wp\/v2\/posts\/53362","targetHints":{"allow":["GET"]}}],"collection":[{"href":"https:\/\/noticiasveracruz.com\/index.php\/wp-json\/wp\/v2\/posts"}],"about":[{"href":"https:\/\/noticiasveracruz.com\/index.php\/wp-json\/wp\/v2\/types\/post"}],"author":[{"embeddable":true,"href":"https:\/\/noticiasveracruz.com\/index.php\/wp-json\/wp\/v2\/users\/4"}],"replies":[{"embeddable":true,"href":"https:\/\/noticiasveracruz.com\/index.php\/wp-json\/wp\/v2\/comments?post=53362"}],"version-history":[{"count":0,"href":"https:\/\/noticiasveracruz.com\/index.php\/wp-json\/wp\/v2\/posts\/53362\/revisions"}],"wp:featuredmedia":[{"embeddable":true,"href":"https:\/\/noticiasveracruz.com\/index.php\/wp-json\/wp\/v2\/media\/53363"}],"wp:attachment":[{"href":"https:\/\/noticiasveracruz.com\/index.php\/wp-json\/wp\/v2\/media?parent=53362"}],"wp:term":[{"taxonomy":"category","embeddable":true,"href":"https:\/\/noticiasveracruz.com\/index.php\/wp-json\/wp\/v2\/categories?post=53362"},{"taxonomy":"post_tag","embeddable":true,"href":"https:\/\/noticiasveracruz.com\/index.php\/wp-json\/wp\/v2\/tags?post=53362"}],"curies":[{"name":"wp","href":"https:\/\/api.w.org\/{rel}","templated":true}]}}