{"id":53349,"date":"2025-03-28T21:27:12","date_gmt":"2025-03-29T03:27:12","guid":{"rendered":"https:\/\/noticiasveracruz.com\/?p=53349"},"modified":"2025-03-28T21:27:12","modified_gmt":"2025-03-29T03:27:12","slug":"el-cetmar-n-20-tendra-techado-cancha-deportiva-y-un-aula-caed-ya-se-conformaron-los-comites-de-obras-y-la-construccion-empezara-en-breve","status":"publish","type":"post","link":"https:\/\/noticiasveracruz.com\/index.php\/2025\/03\/28\/el-cetmar-n-20-tendra-techado-cancha-deportiva-y-un-aula-caed-ya-se-conformaron-los-comites-de-obras-y-la-construccion-empezara-en-breve\/","title":{"rendered":"El CETMAR N\u00b0 20 tendr\u00e1 techado, cancha deportiva y un aula CAED. Ya se conformaron los comit\u00e9s de obras y la construcci\u00f3n empezar\u00e1 en breve"},"content":{"rendered":"<p>\u2022 El alcalde Dr. Jes\u00fas Fomperoza dijo que la inversi\u00f3n ser\u00e1 de alrededor de 3.5 millones de pesos.<\/p>\n<p>Tuxpan, Ver., 28 de marzo de 2025.- El Gobierno de Tuxpan conform\u00f3 el comit\u00e9 de la obra de techado en el \u00e1rea de usos m\u00faltiples y cancha deportiva, en el Centro de Estudios Tecnol\u00f3gicos del Mar (CETMAR) N\u00b0 20, que beneficiar\u00e1 a m\u00e1s de 2 mil estudiantes.<\/p>\n<p><img loading=\"lazy\" decoding=\"async\" class=\"alignnone size-medium wp-image-53354\" src=\"http:\/\/noticiasveracruz.com\/wp-content\/uploads\/2025\/03\/WhatsApp-Image-2025-03-28-at-18.37.58-300x225.jpeg\" alt=\"\" width=\"300\" height=\"225\" srcset=\"https:\/\/noticiasveracruz.com\/wp-content\/uploads\/2025\/03\/WhatsApp-Image-2025-03-28-at-18.37.58-300x225.jpeg 300w, https:\/\/noticiasveracruz.com\/wp-content\/uploads\/2025\/03\/WhatsApp-Image-2025-03-28-at-18.37.58-1024x768.jpeg 1024w, https:\/\/noticiasveracruz.com\/wp-content\/uploads\/2025\/03\/WhatsApp-Image-2025-03-28-at-18.37.58-768x576.jpeg 768w, https:\/\/noticiasveracruz.com\/wp-content\/uploads\/2025\/03\/WhatsApp-Image-2025-03-28-at-18.37.58-1536x1152.jpeg 1536w, https:\/\/noticiasveracruz.com\/wp-content\/uploads\/2025\/03\/WhatsApp-Image-2025-03-28-at-18.37.58.jpeg 1600w\" sizes=\"auto, (max-width: 300px) 100vw, 300px\" \/><\/p>\n<p>En esta misma instituci\u00f3n educativa se integr\u00f3 el comit\u00e9 de la obra de construcci\u00f3n de un aula CAED, para dar atenci\u00f3n a j\u00f3venes con alg\u00fan tipo de discapacidad.<\/p>\n<p>El presidente municipal Dr. Jes\u00fas Fomperoza Torres, la regidora Maryanela Monroy Flores; el regidor Juan G\u00f3mez Garc\u00eda, el director de Desarrollo Social Jes\u00fas Carballo Serrano y el coordinador de Obras P\u00fablicas, Magdiel Padilla, estuvieron presentes en la reuni\u00f3n para conformar dichos comit\u00e9s.<\/p>\n<p><img loading=\"lazy\" decoding=\"async\" class=\"alignnone size-medium wp-image-53353\" src=\"http:\/\/noticiasveracruz.com\/wp-content\/uploads\/2025\/03\/WhatsApp-Image-2025-03-28-at-18.37.58-3-300x234.jpeg\" alt=\"\" width=\"300\" height=\"234\" srcset=\"https:\/\/noticiasveracruz.com\/wp-content\/uploads\/2025\/03\/WhatsApp-Image-2025-03-28-at-18.37.58-3-300x234.jpeg 300w, https:\/\/noticiasveracruz.com\/wp-content\/uploads\/2025\/03\/WhatsApp-Image-2025-03-28-at-18.37.58-3-1024x797.jpeg 1024w, https:\/\/noticiasveracruz.com\/wp-content\/uploads\/2025\/03\/WhatsApp-Image-2025-03-28-at-18.37.58-3-768x598.jpeg 768w, https:\/\/noticiasveracruz.com\/wp-content\/uploads\/2025\/03\/WhatsApp-Image-2025-03-28-at-18.37.58-3-1536x1196.jpeg 1536w, https:\/\/noticiasveracruz.com\/wp-content\/uploads\/2025\/03\/WhatsApp-Image-2025-03-28-at-18.37.58-3.jpeg 1600w\" sizes=\"auto, (max-width: 300px) 100vw, 300px\" \/><\/p>\n<p>La directora M.C. Carmela Salustia Hern\u00e1ndez, en nombre de la comunidad educativa dio la bienvenida a los ediles y expres\u00f3 su agradecimiento por esta obra que beneficiar\u00e1 a 2,051 alumnos.<\/p>\n<p><img loading=\"lazy\" decoding=\"async\" class=\"alignnone size-medium wp-image-53352\" src=\"http:\/\/noticiasveracruz.com\/wp-content\/uploads\/2025\/03\/WhatsApp-Image-2025-03-28-at-18.37.58-2-300x236.jpeg\" alt=\"\" width=\"300\" height=\"236\" srcset=\"https:\/\/noticiasveracruz.com\/wp-content\/uploads\/2025\/03\/WhatsApp-Image-2025-03-28-at-18.37.58-2-300x236.jpeg 300w, https:\/\/noticiasveracruz.com\/wp-content\/uploads\/2025\/03\/WhatsApp-Image-2025-03-28-at-18.37.58-2-1024x804.jpeg 1024w, https:\/\/noticiasveracruz.com\/wp-content\/uploads\/2025\/03\/WhatsApp-Image-2025-03-28-at-18.37.58-2-768x603.jpeg 768w, https:\/\/noticiasveracruz.com\/wp-content\/uploads\/2025\/03\/WhatsApp-Image-2025-03-28-at-18.37.58-2-1536x1206.jpeg 1536w, https:\/\/noticiasveracruz.com\/wp-content\/uploads\/2025\/03\/WhatsApp-Image-2025-03-28-at-18.37.58-2.jpeg 1600w\" sizes=\"auto, (max-width: 300px) 100vw, 300px\" \/><\/p>\n<p>Por su parte, el alcalde Dr. Jes\u00fas Fomperoza destac\u00f3 que el CETMAR 20 es una escuela de gran calidad educativa, forjadora de profesionistas, que cada a\u00f1o incrementa su matr\u00edcula.<\/p>\n<p><img loading=\"lazy\" decoding=\"async\" class=\"alignnone size-medium wp-image-53351\" src=\"http:\/\/noticiasveracruz.com\/wp-content\/uploads\/2025\/03\/WhatsApp-Image-2025-03-28-at-18.37.58-1-300x225.jpeg\" alt=\"\" width=\"300\" height=\"225\" srcset=\"https:\/\/noticiasveracruz.com\/wp-content\/uploads\/2025\/03\/WhatsApp-Image-2025-03-28-at-18.37.58-1-300x225.jpeg 300w, https:\/\/noticiasveracruz.com\/wp-content\/uploads\/2025\/03\/WhatsApp-Image-2025-03-28-at-18.37.58-1-1024x768.jpeg 1024w, https:\/\/noticiasveracruz.com\/wp-content\/uploads\/2025\/03\/WhatsApp-Image-2025-03-28-at-18.37.58-1-768x576.jpeg 768w, https:\/\/noticiasveracruz.com\/wp-content\/uploads\/2025\/03\/WhatsApp-Image-2025-03-28-at-18.37.58-1-1536x1152.jpeg 1536w, https:\/\/noticiasveracruz.com\/wp-content\/uploads\/2025\/03\/WhatsApp-Image-2025-03-28-at-18.37.58-1.jpeg 1600w\" sizes=\"auto, (max-width: 300px) 100vw, 300px\" \/><\/p>\n<p>Expuso que el CETMAR 20 siempre ha puesto muy en alto el nombre de Tuxpan a nivel nacional y reconoci\u00f3 el trabajo de todos los docentes, directivos y personal administrativo.<\/p>\n<p>El regidor Juan G\u00f3mez, al hacer uso de la voz, reconoci\u00f3 la calidad art\u00edstica de la Banda Tiburones y reiter\u00f3 que este plantel es semillero de grandes profesionistas.<\/p>\n<p>La regidora Maryanela Monroy al dirigirse a los presentes, coment\u00f3 que esta es una instituci\u00f3n que respeta much\u00edsimo, con 42 a\u00f1os de servicio, con generaciones que nos han representado, y son reconocidos no solo a nivel nacional, sino tambi\u00e9n internacional.<\/p>\n<p>Dijo estar feliz por el techado y el aula de inclusi\u00f3n. Expres\u00f3 su admiraci\u00f3n por \u201cErick\u201d y su mam\u00e1, que estaban entre los padres asistentes.<\/p>\n","protected":false},"excerpt":{"rendered":"<p>\u2022 El alcalde Dr. Jes\u00fas Fomperoza dijo que la inversi\u00f3n ser\u00e1 de alrededor de 3.5 millones de pesos. Tuxpan, Ver.,<\/p>\n","protected":false},"author":4,"featured_media":53350,"comment_status":"closed","ping_status":"closed","sticky":false,"template":"","format":"standard","meta":{"colormag_page_container_layout":"default_layout","colormag_page_sidebar_layout":"default_layout","_jetpack_memberships_contains_paid_content":false,"footnotes":"","jetpack_publicize_message":"","jetpack_publicize_feature_enabled":true,"jetpack_social_post_already_shared":true,"jetpack_social_options":{"image_generator_settings":{"template":"highway","default_image_id":0,"font":"","enabled":false},"version":2}},"categories":[3372,356],"tags":[],"class_list":["post-53349","post","type-post","status-publish","format-standard","has-post-thumbnail","hentry","category-gobierno-tuxpan","category-veracruz"],"jetpack_publicize_connections":[],"jetpack_featured_media_url":"https:\/\/noticiasveracruz.com\/wp-content\/uploads\/2025\/03\/WhatsApp-Image-2025-03-28-at-18.37.57.jpeg","jetpack_sharing_enabled":true,"publishpress_future_action":{"enabled":false,"date":"2026-05-05 23:01:27","action":"change-status","newStatus":"draft","terms":[],"taxonomy":"category","extraData":[]},"publishpress_future_workflow_manual_trigger":{"enabledWorkflows":[]},"_links":{"self":[{"href":"https:\/\/noticiasveracruz.com\/index.php\/wp-json\/wp\/v2\/posts\/53349","targetHints":{"allow":["GET"]}}],"collection":[{"href":"https:\/\/noticiasveracruz.com\/index.php\/wp-json\/wp\/v2\/posts"}],"about":[{"href":"https:\/\/noticiasveracruz.com\/index.php\/wp-json\/wp\/v2\/types\/post"}],"author":[{"embeddable":true,"href":"https:\/\/noticiasveracruz.com\/index.php\/wp-json\/wp\/v2\/users\/4"}],"replies":[{"embeddable":true,"href":"https:\/\/noticiasveracruz.com\/index.php\/wp-json\/wp\/v2\/comments?post=53349"}],"version-history":[{"count":0,"href":"https:\/\/noticiasveracruz.com\/index.php\/wp-json\/wp\/v2\/posts\/53349\/revisions"}],"wp:featuredmedia":[{"embeddable":true,"href":"https:\/\/noticiasveracruz.com\/index.php\/wp-json\/wp\/v2\/media\/53350"}],"wp:attachment":[{"href":"https:\/\/noticiasveracruz.com\/index.php\/wp-json\/wp\/v2\/media?parent=53349"}],"wp:term":[{"taxonomy":"category","embeddable":true,"href":"https:\/\/noticiasveracruz.com\/index.php\/wp-json\/wp\/v2\/categories?post=53349"},{"taxonomy":"post_tag","embeddable":true,"href":"https:\/\/noticiasveracruz.com\/index.php\/wp-json\/wp\/v2\/tags?post=53349"}],"curies":[{"name":"wp","href":"https:\/\/api.w.org\/{rel}","templated":true}]}}