{"id":53337,"date":"2025-03-28T21:18:52","date_gmt":"2025-03-29T03:18:52","guid":{"rendered":"https:\/\/noticiasveracruz.com\/?p=53337"},"modified":"2025-03-28T21:18:52","modified_gmt":"2025-03-29T03:18:52","slug":"se-llevaron-a-cabo-acciones-de-limpieza-en-la-mata-para-prevenir-el-dengue-y-otras-enfermedades-transmitidas-por-vector","status":"publish","type":"post","link":"https:\/\/noticiasveracruz.com\/index.php\/2025\/03\/28\/se-llevaron-a-cabo-acciones-de-limpieza-en-la-mata-para-prevenir-el-dengue-y-otras-enfermedades-transmitidas-por-vector\/","title":{"rendered":"Se llevaron a cabo acciones de limpieza en La Mata para prevenir el dengue y otras enfermedades transmitidas por vector"},"content":{"rendered":"<p>\u2022 Tambi\u00e9n se efectuaron trabajos de reforestaci\u00f3n.<\/p>\n<p>Tuxpan, Ver., 28 de marzo de 2025.- Para prevenir la proliferaci\u00f3n de mosquitos transmisores de enfermedades, el gobierno de Tuxpan en coordinaci\u00f3n con Defensa, la Jurisdicci\u00f3n Sanitaria N\u00fam. 2 y CAEV, llevaron a cabo en La Mata la Primera Jornada del Plan Nacional para el Control del Dengue y Otras Arbovirosis.<\/p>\n<p><img loading=\"lazy\" decoding=\"async\" class=\"alignnone size-medium wp-image-53347\" src=\"http:\/\/noticiasveracruz.com\/wp-content\/uploads\/2025\/03\/WhatsApp-Image-2025-03-28-at-15.08.23-300x169.jpeg\" alt=\"\" width=\"300\" height=\"169\" srcset=\"https:\/\/noticiasveracruz.com\/wp-content\/uploads\/2025\/03\/WhatsApp-Image-2025-03-28-at-15.08.23-300x169.jpeg 300w, https:\/\/noticiasveracruz.com\/wp-content\/uploads\/2025\/03\/WhatsApp-Image-2025-03-28-at-15.08.23-1024x576.jpeg 1024w, https:\/\/noticiasveracruz.com\/wp-content\/uploads\/2025\/03\/WhatsApp-Image-2025-03-28-at-15.08.23-768x432.jpeg 768w, https:\/\/noticiasveracruz.com\/wp-content\/uploads\/2025\/03\/WhatsApp-Image-2025-03-28-at-15.08.23-1536x864.jpeg 1536w, https:\/\/noticiasveracruz.com\/wp-content\/uploads\/2025\/03\/WhatsApp-Image-2025-03-28-at-15.08.23.jpeg 1600w\" sizes=\"auto, (max-width: 300px) 100vw, 300px\" \/> <img loading=\"lazy\" decoding=\"async\" class=\"alignnone size-medium wp-image-53346\" src=\"http:\/\/noticiasveracruz.com\/wp-content\/uploads\/2025\/03\/WhatsApp-Image-2025-03-28-at-15.08.23-1-300x177.jpeg\" alt=\"\" width=\"300\" height=\"177\" srcset=\"https:\/\/noticiasveracruz.com\/wp-content\/uploads\/2025\/03\/WhatsApp-Image-2025-03-28-at-15.08.23-1-300x177.jpeg 300w, https:\/\/noticiasveracruz.com\/wp-content\/uploads\/2025\/03\/WhatsApp-Image-2025-03-28-at-15.08.23-1-1024x605.jpeg 1024w, https:\/\/noticiasveracruz.com\/wp-content\/uploads\/2025\/03\/WhatsApp-Image-2025-03-28-at-15.08.23-1-768x454.jpeg 768w, https:\/\/noticiasveracruz.com\/wp-content\/uploads\/2025\/03\/WhatsApp-Image-2025-03-28-at-15.08.23-1-1536x907.jpeg 1536w, https:\/\/noticiasveracruz.com\/wp-content\/uploads\/2025\/03\/WhatsApp-Image-2025-03-28-at-15.08.23-1.jpeg 1600w\" sizes=\"auto, (max-width: 300px) 100vw, 300px\" \/><\/p>\n<p>El arranque de la jornada estuvo encabezado por el alcalde Dr. Jes\u00fas Fomperoza Torres; el diputado local por el tercer distrito, Lic. Daniel Cortina Mart\u00ednez; los regidores Axel Bernal Herrera, comisionado en Salud y Asistencia P\u00fablica, y Juan G\u00f3mez Garc\u00eda.<\/p>\n<p>El Dr. Cuauht\u00e9moc P\u00e9rez Ju\u00e1rez, jefe de la Jurisdicci\u00f3n Sanitaria N\u00fam. 2; el Sargento Primero V\u00edctor Manuel Escalante Sol\u00eds, en representaci\u00f3n de Defensa y Alma Rosal\u00eda Jim\u00e9nez Pro, por parte de la CAEV.<\/p>\n<p><img loading=\"lazy\" decoding=\"async\" class=\"alignnone size-medium wp-image-53345\" src=\"http:\/\/noticiasveracruz.com\/wp-content\/uploads\/2025\/03\/WhatsApp-Image-2025-03-28-at-15.08.22-300x206.jpeg\" alt=\"\" width=\"300\" height=\"206\" srcset=\"https:\/\/noticiasveracruz.com\/wp-content\/uploads\/2025\/03\/WhatsApp-Image-2025-03-28-at-15.08.22-300x206.jpeg 300w, https:\/\/noticiasveracruz.com\/wp-content\/uploads\/2025\/03\/WhatsApp-Image-2025-03-28-at-15.08.22-1024x703.jpeg 1024w, https:\/\/noticiasveracruz.com\/wp-content\/uploads\/2025\/03\/WhatsApp-Image-2025-03-28-at-15.08.22-768x528.jpeg 768w, https:\/\/noticiasveracruz.com\/wp-content\/uploads\/2025\/03\/WhatsApp-Image-2025-03-28-at-15.08.22-1536x1055.jpeg 1536w, https:\/\/noticiasveracruz.com\/wp-content\/uploads\/2025\/03\/WhatsApp-Image-2025-03-28-at-15.08.22-130x90.jpeg 130w, https:\/\/noticiasveracruz.com\/wp-content\/uploads\/2025\/03\/WhatsApp-Image-2025-03-28-at-15.08.22.jpeg 1600w\" sizes=\"auto, (max-width: 300px) 100vw, 300px\" \/> <img loading=\"lazy\" decoding=\"async\" class=\"alignnone size-medium wp-image-53344\" src=\"http:\/\/noticiasveracruz.com\/wp-content\/uploads\/2025\/03\/WhatsApp-Image-2025-03-28-at-15.08.22-4-300x209.jpeg\" alt=\"\" width=\"300\" height=\"209\" srcset=\"https:\/\/noticiasveracruz.com\/wp-content\/uploads\/2025\/03\/WhatsApp-Image-2025-03-28-at-15.08.22-4-300x209.jpeg 300w, https:\/\/noticiasveracruz.com\/wp-content\/uploads\/2025\/03\/WhatsApp-Image-2025-03-28-at-15.08.22-4-1024x712.jpeg 1024w, https:\/\/noticiasveracruz.com\/wp-content\/uploads\/2025\/03\/WhatsApp-Image-2025-03-28-at-15.08.22-4-768x534.jpeg 768w, https:\/\/noticiasveracruz.com\/wp-content\/uploads\/2025\/03\/WhatsApp-Image-2025-03-28-at-15.08.22-4-1536x1068.jpeg 1536w, https:\/\/noticiasveracruz.com\/wp-content\/uploads\/2025\/03\/WhatsApp-Image-2025-03-28-at-15.08.22-4-392x272.jpeg 392w, https:\/\/noticiasveracruz.com\/wp-content\/uploads\/2025\/03\/WhatsApp-Image-2025-03-28-at-15.08.22-4-130x90.jpeg 130w, https:\/\/noticiasveracruz.com\/wp-content\/uploads\/2025\/03\/WhatsApp-Image-2025-03-28-at-15.08.22-4.jpeg 1600w\" sizes=\"auto, (max-width: 300px) 100vw, 300px\" \/><\/p>\n<p>El alcalde Jes\u00fas Fomperoza se\u00f1al\u00f3 que estas tareas de descacharrizaci\u00f3n forman parte de un programa de acciones para mejorar la salud p\u00fablica, garantizar un entorno m\u00e1s seguro para las familias tuxpe\u00f1as y mejorar el aspecto de esta zona de la ciudad que recibir\u00e1 a miles de turistas en la pr\u00f3xima temporada vacacional:<\/p>\n<p>\u201cEs muy grato para mi llevar a cabo esta campa\u00f1a de prevenci\u00f3n. Estamos en una \u00e9poca muy bonita del a\u00f1o; se acerca Semana Santa y el compromiso como ayuntamiento es tener todas estas \u00e1reas limpias\u201d.<\/p>\n<p><img loading=\"lazy\" decoding=\"async\" class=\"alignnone size-medium wp-image-53343\" src=\"http:\/\/noticiasveracruz.com\/wp-content\/uploads\/2025\/03\/WhatsApp-Image-2025-03-28-at-15.08.22-3-300x191.jpeg\" alt=\"\" width=\"300\" height=\"191\" srcset=\"https:\/\/noticiasveracruz.com\/wp-content\/uploads\/2025\/03\/WhatsApp-Image-2025-03-28-at-15.08.22-3-300x191.jpeg 300w, https:\/\/noticiasveracruz.com\/wp-content\/uploads\/2025\/03\/WhatsApp-Image-2025-03-28-at-15.08.22-3-1024x651.jpeg 1024w, https:\/\/noticiasveracruz.com\/wp-content\/uploads\/2025\/03\/WhatsApp-Image-2025-03-28-at-15.08.22-3-768x488.jpeg 768w, https:\/\/noticiasveracruz.com\/wp-content\/uploads\/2025\/03\/WhatsApp-Image-2025-03-28-at-15.08.22-3-1536x976.jpeg 1536w, https:\/\/noticiasveracruz.com\/wp-content\/uploads\/2025\/03\/WhatsApp-Image-2025-03-28-at-15.08.22-3.jpeg 1600w\" sizes=\"auto, (max-width: 300px) 100vw, 300px\" \/> <img loading=\"lazy\" decoding=\"async\" class=\"alignnone size-medium wp-image-53342\" src=\"http:\/\/noticiasveracruz.com\/wp-content\/uploads\/2025\/03\/WhatsApp-Image-2025-03-28-at-15.08.22-2-300x225.jpeg\" alt=\"\" width=\"300\" height=\"225\" srcset=\"https:\/\/noticiasveracruz.com\/wp-content\/uploads\/2025\/03\/WhatsApp-Image-2025-03-28-at-15.08.22-2-300x225.jpeg 300w, https:\/\/noticiasveracruz.com\/wp-content\/uploads\/2025\/03\/WhatsApp-Image-2025-03-28-at-15.08.22-2-1024x768.jpeg 1024w, https:\/\/noticiasveracruz.com\/wp-content\/uploads\/2025\/03\/WhatsApp-Image-2025-03-28-at-15.08.22-2-768x576.jpeg 768w, https:\/\/noticiasveracruz.com\/wp-content\/uploads\/2025\/03\/WhatsApp-Image-2025-03-28-at-15.08.22-2-1536x1152.jpeg 1536w, https:\/\/noticiasveracruz.com\/wp-content\/uploads\/2025\/03\/WhatsApp-Image-2025-03-28-at-15.08.22-2.jpeg 1600w\" sizes=\"auto, (max-width: 300px) 100vw, 300px\" \/><\/p>\n<p>Por ello, el mandatario agradeci\u00f3 a quienes participaron activamente en las labores: \u201cgracias, porque con el apoyo y la coordinaci\u00f3n de todas las instituciones y de la sociedad civil, estamos trabajando en beneficio de Tuxpan\u201d.<\/p>\n<p>Por su parte, el diputado local Daniel Cortina reconoci\u00f3 a todos los participantes: \u201cTrabajando coordinadamente podemos realizar m\u00e1s acciones como esta. El esfuerzo de sus voluntades se ver\u00e1 reflejado en el bienestar para la gente\u201d.<\/p>\n<p><img loading=\"lazy\" decoding=\"async\" class=\"alignnone size-medium wp-image-53341\" src=\"http:\/\/noticiasveracruz.com\/wp-content\/uploads\/2025\/03\/WhatsApp-Image-2025-03-28-at-15.08.22-1-300x225.jpeg\" alt=\"\" width=\"300\" height=\"225\" srcset=\"https:\/\/noticiasveracruz.com\/wp-content\/uploads\/2025\/03\/WhatsApp-Image-2025-03-28-at-15.08.22-1-300x225.jpeg 300w, https:\/\/noticiasveracruz.com\/wp-content\/uploads\/2025\/03\/WhatsApp-Image-2025-03-28-at-15.08.22-1-1024x768.jpeg 1024w, https:\/\/noticiasveracruz.com\/wp-content\/uploads\/2025\/03\/WhatsApp-Image-2025-03-28-at-15.08.22-1-768x576.jpeg 768w, https:\/\/noticiasveracruz.com\/wp-content\/uploads\/2025\/03\/WhatsApp-Image-2025-03-28-at-15.08.22-1-1536x1152.jpeg 1536w, https:\/\/noticiasveracruz.com\/wp-content\/uploads\/2025\/03\/WhatsApp-Image-2025-03-28-at-15.08.22-1.jpeg 1600w\" sizes=\"auto, (max-width: 300px) 100vw, 300px\" \/> <img loading=\"lazy\" decoding=\"async\" class=\"alignnone size-medium wp-image-53340\" src=\"http:\/\/noticiasveracruz.com\/wp-content\/uploads\/2025\/03\/WhatsApp-Image-2025-03-28-at-15.08.21-300x208.jpeg\" alt=\"\" width=\"300\" height=\"208\" srcset=\"https:\/\/noticiasveracruz.com\/wp-content\/uploads\/2025\/03\/WhatsApp-Image-2025-03-28-at-15.08.21-300x208.jpeg 300w, https:\/\/noticiasveracruz.com\/wp-content\/uploads\/2025\/03\/WhatsApp-Image-2025-03-28-at-15.08.21-1024x710.jpeg 1024w, https:\/\/noticiasveracruz.com\/wp-content\/uploads\/2025\/03\/WhatsApp-Image-2025-03-28-at-15.08.21-768x533.jpeg 768w, https:\/\/noticiasveracruz.com\/wp-content\/uploads\/2025\/03\/WhatsApp-Image-2025-03-28-at-15.08.21-1536x1066.jpeg 1536w, https:\/\/noticiasveracruz.com\/wp-content\/uploads\/2025\/03\/WhatsApp-Image-2025-03-28-at-15.08.21-392x272.jpeg 392w, https:\/\/noticiasveracruz.com\/wp-content\/uploads\/2025\/03\/WhatsApp-Image-2025-03-28-at-15.08.21-130x90.jpeg 130w, https:\/\/noticiasveracruz.com\/wp-content\/uploads\/2025\/03\/WhatsApp-Image-2025-03-28-at-15.08.21.jpeg 1600w\" sizes=\"auto, (max-width: 300px) 100vw, 300px\" \/><\/p>\n<p>Cortina Mart\u00ednez agreg\u00f3 que estas actividades se reforzar\u00e1n con una campa\u00f1a en redes sociales para informar acerca de las medidas que permitan prevenir los criaderos de mosquitos transmisores de enfermedades.<\/p>\n<p>Salvador Cruz Bautista, agente municipal de La Mata, agradeci\u00f3 a las autoridades por esta iniciativa que -dijo- adem\u00e1s de lograr una ciudad m\u00e1s limpia, busca evitar enfermedades de este tipo.<\/p>\n<p><img loading=\"lazy\" decoding=\"async\" class=\"alignnone size-medium wp-image-53338\" src=\"http:\/\/noticiasveracruz.com\/wp-content\/uploads\/2025\/03\/WhatsApp-Image-2025-03-28-at-15.08.21-1-300x181.jpeg\" alt=\"\" width=\"300\" height=\"181\" srcset=\"https:\/\/noticiasveracruz.com\/wp-content\/uploads\/2025\/03\/WhatsApp-Image-2025-03-28-at-15.08.21-1-300x181.jpeg 300w, https:\/\/noticiasveracruz.com\/wp-content\/uploads\/2025\/03\/WhatsApp-Image-2025-03-28-at-15.08.21-1-1024x619.jpeg 1024w, https:\/\/noticiasveracruz.com\/wp-content\/uploads\/2025\/03\/WhatsApp-Image-2025-03-28-at-15.08.21-1-768x464.jpeg 768w, https:\/\/noticiasveracruz.com\/wp-content\/uploads\/2025\/03\/WhatsApp-Image-2025-03-28-at-15.08.21-1-1536x928.jpeg 1536w, https:\/\/noticiasveracruz.com\/wp-content\/uploads\/2025\/03\/WhatsApp-Image-2025-03-28-at-15.08.21-1.jpeg 1600w\" sizes=\"auto, (max-width: 300px) 100vw, 300px\" \/><\/p>\n<p>Adem\u00e1s de la descacharrizaci\u00f3n se llev\u00f3 a cabo la siembra de \u00e1rboles en el parque de La Mata.<\/p>\n<p>Las autoridades dieron a conocer que estas jornadas de limpieza y saneamiento se llevar\u00e1n a cabo en pr\u00f3ximas fechas en m\u00e1s puntos de la ciudad, con el prop\u00f3sito de mantener espacios libres de riesgos sanitarios.<\/p>\n","protected":false},"excerpt":{"rendered":"<p>\u2022 Tambi\u00e9n se efectuaron trabajos de reforestaci\u00f3n. Tuxpan, Ver., 28 de marzo de 2025.- Para prevenir la proliferaci\u00f3n de mosquitos<\/p>\n","protected":false},"author":4,"featured_media":53339,"comment_status":"closed","ping_status":"closed","sticky":false,"template":"","format":"standard","meta":{"colormag_page_container_layout":"default_layout","colormag_page_sidebar_layout":"default_layout","_jetpack_memberships_contains_paid_content":false,"footnotes":"","jetpack_publicize_message":"","jetpack_publicize_feature_enabled":true,"jetpack_social_post_already_shared":true,"jetpack_social_options":{"image_generator_settings":{"template":"highway","default_image_id":0,"font":"","enabled":false},"version":2}},"categories":[3372,356],"tags":[],"class_list":["post-53337","post","type-post","status-publish","format-standard","has-post-thumbnail","hentry","category-gobierno-tuxpan","category-veracruz"],"jetpack_publicize_connections":[],"jetpack_featured_media_url":"https:\/\/noticiasveracruz.com\/wp-content\/uploads\/2025\/03\/WhatsApp-Image-2025-03-28-at-15.08.21-2.jpeg","jetpack_sharing_enabled":true,"publishpress_future_action":{"enabled":false,"date":"2026-05-05 23:01:34","action":"change-status","newStatus":"draft","terms":[],"taxonomy":"category","extraData":[]},"publishpress_future_workflow_manual_trigger":{"enabledWorkflows":[]},"_links":{"self":[{"href":"https:\/\/noticiasveracruz.com\/index.php\/wp-json\/wp\/v2\/posts\/53337","targetHints":{"allow":["GET"]}}],"collection":[{"href":"https:\/\/noticiasveracruz.com\/index.php\/wp-json\/wp\/v2\/posts"}],"about":[{"href":"https:\/\/noticiasveracruz.com\/index.php\/wp-json\/wp\/v2\/types\/post"}],"author":[{"embeddable":true,"href":"https:\/\/noticiasveracruz.com\/index.php\/wp-json\/wp\/v2\/users\/4"}],"replies":[{"embeddable":true,"href":"https:\/\/noticiasveracruz.com\/index.php\/wp-json\/wp\/v2\/comments?post=53337"}],"version-history":[{"count":0,"href":"https:\/\/noticiasveracruz.com\/index.php\/wp-json\/wp\/v2\/posts\/53337\/revisions"}],"wp:featuredmedia":[{"embeddable":true,"href":"https:\/\/noticiasveracruz.com\/index.php\/wp-json\/wp\/v2\/media\/53339"}],"wp:attachment":[{"href":"https:\/\/noticiasveracruz.com\/index.php\/wp-json\/wp\/v2\/media?parent=53337"}],"wp:term":[{"taxonomy":"category","embeddable":true,"href":"https:\/\/noticiasveracruz.com\/index.php\/wp-json\/wp\/v2\/categories?post=53337"},{"taxonomy":"post_tag","embeddable":true,"href":"https:\/\/noticiasveracruz.com\/index.php\/wp-json\/wp\/v2\/tags?post=53337"}],"curies":[{"name":"wp","href":"https:\/\/api.w.org\/{rel}","templated":true}]}}