{"id":53331,"date":"2025-03-28T00:23:40","date_gmt":"2025-03-28T06:23:40","guid":{"rendered":"https:\/\/noticiasveracruz.com\/?p=53331"},"modified":"2025-03-28T00:23:40","modified_gmt":"2025-03-28T06:23:40","slug":"winckler-al-pozo-y-yunes-al-gozo","status":"publish","type":"post","link":"https:\/\/noticiasveracruz.com\/index.php\/2025\/03\/28\/winckler-al-pozo-y-yunes-al-gozo\/","title":{"rendered":"\u201cWinckler\u201d al pozo y \u201cYunes\u201d al gozo"},"content":{"rendered":"<p><em>\u201cEs curioso lo lejana que resulta una desgracia cuando <\/em><\/p>\n<p><em>no nos ata\u00f1e personalmente\u201d \u2013 John Steinbeck.<\/em><\/p>\n<p><strong>\u00a0<\/strong><\/p>\n<p><strong>En estos tiempos convulsos de una sociedad mexicana cada vez m\u00e1s deshumanizada, muchas veces indiferente a la desgracia de sus semejantes, un tema llama la atenci\u00f3n medi\u00e1tica de los medios, la vinculaci\u00f3n a proceso de Jorge \u201cN\u201d ex fiscal General del Estado de Veracruz, en el bienio del Gobernador Miguel \u00c1ngel Yunes Linares.<\/strong><\/p>\n<p><strong>El oaxaque\u00f1o avecindado en Veracruz, abogado de profesi\u00f3n cumple ya casi tres a\u00f1os privado de su libertad por haber sido fiel colaborador del ex mandatario panista en su momento.<\/strong><\/p>\n<p><strong>Winckler Ortiz, enfrenta actualmente procesos judiciales por el delito de tortura. La Fiscal\u00eda General de Veracruz (FGE) ha obtenido su vinculaci\u00f3n a proceso bajo la acusaci\u00f3n de haber torturado a Gilberto Aguirre Garza, exdirector de Servicios Periciales durante la administraci\u00f3n de Javier Duarte. <\/strong><\/p>\n<p><strong>Durante una audiencia que se extendi\u00f3 por aproximadamente 20 horas, el juez Antonio Zarur Ahumada, del Distrito Judicial de Xalapa con sede en Pacho Viejo, determin\u00f3 que exist\u00edan pruebas suficientes para continuar el proceso penal contra Winckler Ortiz. <\/strong><\/p>\n<p><strong>Cabe destacar que esta no es la primera vez que el exfiscal enfrenta acusaciones similares. En fechas recientes, se le dict\u00f3 prisi\u00f3n preventiva por su presunta responsabilidad en el delito de tortura en agravio de otra v\u00edctima identificada con las iniciales G.A.G. <\/strong><\/p>\n<p><strong>Estas acciones legales reflejan la gravedad de las acusaciones en su contra y subrayan el compromiso de las autoridades veracruzanas en la investigaci\u00f3n y sanci\u00f3n de actos de tortura cometidos por funcionarios p\u00fablicos en tiempos en los que el cobro de venganzas personales pareci\u00f3 ser el \u201c<em>modus operandi\u201d<\/em> de aquella administraci\u00f3n.<\/strong><\/p>\n<p><strong>Hay que recordar que el epicentro de los hechos por los que hoy se inculpa a Winckler Ortiz hacen referencia a lo presuntamente sucedi\u00f3 en La Barranca La Aurora, ubicada cerca de la Academia de Polic\u00eda de El Lencero en Veracruz, sitio se\u00f1alado de ser durante la administraci\u00f3n de Javier Duarte de Ochoa (2010-2016), donde presuntamente se deshac\u00edan de cuerpos de personas desaparecidas, estas vinculadas al crimen organizado.<\/strong><\/p>\n<p><strong>Algunos testimonios indican que las v\u00edctimas eran torturadas en la Academia y posteriormente arrojadas a esta barranca, conocida tambi\u00e9n como \u201cLa Laguna Negra\u201d.<\/strong><\/p>\n<p><strong>Hasta ahora su nueva vinculaci\u00f3n obedece presuntamente al proceso por el delito de tortura en agravio de Gilberto Aguirre Garza, exdirector de Servicios Periciales en la administraci\u00f3n de Duarte. A quien habr\u00edan torturado en el interior del Penal de Pacho Viejo con el \u00fanico fin de obtener declaraciones que inculparan a ex funcionarios estatales, como Luis \u00c1ngel Bravo Contreras, en relaci\u00f3n con las presuntas actividades il\u00edcitas en la referida Barranca.<\/strong><\/p>\n<p><strong>Llama la atenci\u00f3n que ahora, aquellos que inculparon y se\u00f1alaron como presuntos responsables de delitos posiblemente tipificables de lesa humanidad, est\u00e9n siendo se\u00f1alados del mismo crimen, -cosa que a ninguna persona le da gusto-, es importante se\u00f1alar que, seg\u00fan el derecho internacional, los delitos de lesa humanidad incluyen actos como el asesinato, la tortura y la desaparici\u00f3n forzada, cuando se cometen como parte de un ataque generalizado o sistem\u00e1tico contra una poblaci\u00f3n civil. <\/strong><\/p>\n<p><strong>Si bien las acusaciones de tortura y otras violaciones de derechos humanos durante el bienio de Yunes Linares son graves, la clasificaci\u00f3n de estos actos como delitos de lesa humanidad requerir\u00eda una investigaci\u00f3n exhaustiva que determine si formaron parte de un patr\u00f3n sistem\u00e1tico y generalizado. Hasta el momento, no hay informaci\u00f3n p\u00fablica que indique que se haya realizado tal determinaci\u00f3n en el caso de Veracruz, pero s\u00ed deja un rastro en donde uno se cuestiona \u00bfQu\u00e9 movi\u00f3 al Gobierno Yunista a perseguir y sancionar a personas que presuntamente no tuvieron nada que ver con los delitos de los que se le acusaron?<\/strong><\/p>\n<p><strong>Y esto se lo pregunto, porque mientras el ex fiscal Winckler Ortiz se pudre en la c\u00e1rcel, el heredero de ese Clan Pol\u00edtico, festina -aseguran los conocedores- en una especie de Cabaret al mero estilo del <em>Moulin Rouge<\/em>. <a href=\"https:\/\/versiones.com.mx\/2025\/03\/27\/chicas\/\">https:\/\/versiones.com.mx\/2025\/03\/27\/chicas\/<\/a><\/strong><\/p>\n<p><strong>Si en su momento el famoso Gonzalo N. Santos, fundador del Partido Nacional Revolucionario (el futuro PRI), conocido con el apodo de El Alaz\u00e1n Tostado tuvo la ocurrencia de advertir que \u201cla moral, era un \u00e1rbol de moras\u201d, que podremos decir, de estos nuevos pol\u00edticos, que hoy evidencian que sus preocupaciones no son para nada las de buscar de alguna manera justicia pronta y expedita para sus ex colaboradores, sino todo lo contrario, que se refundan en la c\u00e1rcel, que mientras los procesados se van al pozo, los vivos se van al gozo.<\/strong><\/p>\n<p><strong>\u00a1Qu\u00e9 poca verg\u00fcenza!<\/strong><\/p>\n<p><strong>\u00a0<\/strong><\/p>\n<p><strong>Al tiempo.<\/strong><\/p>\n<p><img loading=\"lazy\" decoding=\"async\" class=\"alignnone wp-image-53185 size-full\" src=\"http:\/\/noticiasveracruz.com\/wp-content\/uploads\/2025\/03\/FIRMA-EDITORIAL-PD-7.jpg\" alt=\"\" width=\"1024\" height=\"125\" srcset=\"https:\/\/noticiasveracruz.com\/wp-content\/uploads\/2025\/03\/FIRMA-EDITORIAL-PD-7.jpg 1024w, https:\/\/noticiasveracruz.com\/wp-content\/uploads\/2025\/03\/FIRMA-EDITORIAL-PD-7-300x37.jpg 300w, https:\/\/noticiasveracruz.com\/wp-content\/uploads\/2025\/03\/FIRMA-EDITORIAL-PD-7-768x94.jpg 768w\" sizes=\"auto, (max-width: 1024px) 100vw, 1024px\" \/><\/p>\n","protected":false},"excerpt":{"rendered":"<p>\u201cEs curioso lo lejana que resulta una desgracia cuando no nos ata\u00f1e personalmente\u201d \u2013 John Steinbeck. \u00a0 En estos tiempos<\/p>\n","protected":false},"author":4,"featured_media":30989,"comment_status":"closed","ping_status":"closed","sticky":false,"template":"","format":"standard","meta":{"colormag_page_container_layout":"default_layout","colormag_page_sidebar_layout":"default_layout","_jetpack_memberships_contains_paid_content":false,"footnotes":"","jetpack_publicize_message":"","jetpack_publicize_feature_enabled":true,"jetpack_social_post_already_shared":true,"jetpack_social_options":{"image_generator_settings":{"template":"highway","default_image_id":0,"font":"","enabled":false},"version":2}},"categories":[6],"tags":[],"class_list":["post-53331","post","type-post","status-publish","format-standard","has-post-thumbnail","hentry","category-columnistas"],"jetpack_publicize_connections":[],"jetpack_featured_media_url":"https:\/\/noticiasveracruz.com\/wp-content\/uploads\/2024\/05\/LUIS-RAMIREZ-BAQUEIRO-800x445-1.png","jetpack_sharing_enabled":true,"publishpress_future_action":{"enabled":false,"date":"2026-05-08 03:36:40","action":"change-status","newStatus":"draft","terms":[],"taxonomy":"category","extraData":[]},"publishpress_future_workflow_manual_trigger":{"enabledWorkflows":[]},"_links":{"self":[{"href":"https:\/\/noticiasveracruz.com\/index.php\/wp-json\/wp\/v2\/posts\/53331","targetHints":{"allow":["GET"]}}],"collection":[{"href":"https:\/\/noticiasveracruz.com\/index.php\/wp-json\/wp\/v2\/posts"}],"about":[{"href":"https:\/\/noticiasveracruz.com\/index.php\/wp-json\/wp\/v2\/types\/post"}],"author":[{"embeddable":true,"href":"https:\/\/noticiasveracruz.com\/index.php\/wp-json\/wp\/v2\/users\/4"}],"replies":[{"embeddable":true,"href":"https:\/\/noticiasveracruz.com\/index.php\/wp-json\/wp\/v2\/comments?post=53331"}],"version-history":[{"count":0,"href":"https:\/\/noticiasveracruz.com\/index.php\/wp-json\/wp\/v2\/posts\/53331\/revisions"}],"wp:featuredmedia":[{"embeddable":true,"href":"https:\/\/noticiasveracruz.com\/index.php\/wp-json\/wp\/v2\/media\/30989"}],"wp:attachment":[{"href":"https:\/\/noticiasveracruz.com\/index.php\/wp-json\/wp\/v2\/media?parent=53331"}],"wp:term":[{"taxonomy":"category","embeddable":true,"href":"https:\/\/noticiasveracruz.com\/index.php\/wp-json\/wp\/v2\/categories?post=53331"},{"taxonomy":"post_tag","embeddable":true,"href":"https:\/\/noticiasveracruz.com\/index.php\/wp-json\/wp\/v2\/tags?post=53331"}],"curies":[{"name":"wp","href":"https:\/\/api.w.org\/{rel}","templated":true}]}}