{"id":53246,"date":"2025-03-27T00:20:31","date_gmt":"2025-03-27T06:20:31","guid":{"rendered":"https:\/\/noticiasveracruz.com\/?p=53246"},"modified":"2025-03-26T23:01:20","modified_gmt":"2025-03-27T05:01:20","slug":"da-juez-90-dias-para-definir-si-habra-pena-de-muerte-a-caro-quintero","status":"publish","type":"post","link":"https:\/\/noticiasveracruz.com\/index.php\/2025\/03\/27\/da-juez-90-dias-para-definir-si-habra-pena-de-muerte-a-caro-quintero\/","title":{"rendered":"Da juez 90 d\u00edas para definir si habr\u00e1 pena de muerte a Caro Quintero"},"content":{"rendered":"<p class=\"nota-justify\">Rafael Caro Quintero compareci\u00f3 en la segunda audiencia de procedimiento rumbo a un eventual juicio en el Tribunal Federal del Distrito del Este en Nueva York con sede en Brooklyn, donde el juez Frederic Block dio un plazo de 90 d\u00edas al Departamento de Justicia para determinar si proponen la pena de muerte como castigo para el acusado.<\/p>\n<p class=\"nota-justify\">La audiencia de 30 minutos fue dedicada a asuntos relacionados con las condiciones de su encarcelamiento, detalles sobre el equipo de defensa del acusado y \u00f3rdenes sobre el manejo de evidencia en preparaci\u00f3n para un eventual juicio.<\/p>\n<p class=\"nota-justify\">Caro Quintero enfrenta cargos de encabezar una conspiraci\u00f3n criminal que incluye el delito de conspiraci\u00f3n de asesinato por el secuestro, tortura y asesinato del agente de la DEA Enrique\u00a0<i>Kiki<\/i>\u00a0Camarena en Guadalajara, en febrero de 1985 &#8211; los fiscales y la DEA han subrayado esto como la raz\u00f3n principal para enjuiciar al acusado \u2013 as\u00ed como otros cargos de conspiraci\u00f3n de distribuci\u00f3n internacional de narc\u00f3ticos y otro m\u00e1s por el uso de armas de fuego en torno al narcotr\u00e1fico. Si es declarado culpable, enfrenta una sentencia de cadena perpetua o incluso la pena capital.<\/p>\n<p class=\"nota-justify\">En uno de los documentos de los fiscales federales argumentan a favor de su encarcelamiento hasta la celebraci\u00f3n de su juicio, se subraya que \u201cel acusado es uno de los narcotraficantes m\u00e1s significativos de la era moderna. El acusado se gan\u00f3 su apodo de\u00a0<i>El narco de narcos<\/i>\u00a0a trav\u00e9s de su papel pionero en establecer el\u00a0<i>C\u00e1rtel de Guadalajara<\/i>, el cual despu\u00e9s se convirti\u00f3 en el\u00a0<i>C\u00e1rtel de Sinaloa<\/i>\u201d. Los fiscales insisten en que \u201cinund\u00f3 las calles estadunidenses\u201d con coca\u00edna, mariguana, metanfetamina y hero\u00edna, y emple\u00f3 el asesinato como \u201cherramienta para proteger su organizaci\u00f3n\u201d. Por lo tanto, afirman, para \u201cproteger a la comunidad\u201d de alguien tan peligroso, debe de permanecer encarcelado hasta que se realice su juicio.<\/p>\n<p class=\"nota-justify\">Unos 40 agentes de la DEA asistieron a la audiencia como muestra de solidaridad con su colega ca\u00eddo, que acusan fue asesinado por el acusado.<\/p>\n<p class=\"nota-justify\">En la primera audiencia en este proceso, los fiscales destacaron que en el caso de Caro Quintero, \u201chemos esperado 40 a\u00f1os para este d\u00eda\u201d para llevar ante la justicia estadunidense a quien responsabilizan por el asesinato del agente de la DEA Camarena.<\/p>\n<p class=\"nota-justify\">Caro Quintero fue primero presentado ante este tribunal el 28 de febrero, un d\u00eda despu\u00e9s de que \u00e9l, junto con otros 28 mexicanos fueron entregados a las autoridades estadunidenses, y que seg\u00fan documentos y comunicados oficiales estadunidenses, fueron \u201cexpulsados\u201d, no \u201cextraditados\u201d de M\u00e9xico.<\/p>\n<p class=\"nota-justify\">En la misma audiencia se present\u00f3 el sobrino de Caro Quintero, Ismael Quintero Arellano, quien fue encarcelado despu\u00e9s de su extradici\u00f3n de M\u00e9xico en 2023. Sus abogados y los fiscales est\u00e1n negociando un acuerdo para evitar un juicio.<\/p>\n<p class=\"nota-justify\">Caro Quintero se present\u00f3 ante el mismo tribunal federal donde fueron enjuiciados Joaqu\u00edn\u00a0<i>El Chapo<\/i>\u00a0Guzm\u00e1n y Genaro Garc\u00eda Luna, y donde Ismael\u00a0<i>El Mayo<\/i>\u00a0Zambada est\u00e1 en espera de un posible juicio. Por ahora permanecer\u00e1 encarcelado en el mismo centro de detenci\u00f3n en Brooklyn, donde residen\u00a0<i>El Mayo<\/i>, y varios reos estadunidenses de alto perfil. La pr\u00f3xima audiencia para Caro Quintero fue fijada el 25 de junio de este a\u00f1o.<\/p>\n","protected":false},"excerpt":{"rendered":"<p>Rafael Caro Quintero compareci\u00f3 en la segunda audiencia de procedimiento rumbo a un eventual juicio en el Tribunal Federal del<\/p>\n","protected":false},"author":4,"featured_media":53247,"comment_status":"closed","ping_status":"closed","sticky":false,"template":"","format":"standard","meta":{"colormag_page_container_layout":"default_layout","colormag_page_sidebar_layout":"default_layout","_jetpack_memberships_contains_paid_content":false,"footnotes":"","jetpack_publicize_message":"","jetpack_publicize_feature_enabled":true,"jetpack_social_post_already_shared":true,"jetpack_social_options":{"image_generator_settings":{"template":"highway","default_image_id":0,"font":"","enabled":false},"version":2}},"categories":[355],"tags":[],"class_list":["post-53246","post","type-post","status-publish","format-standard","has-post-thumbnail","hentry","category-internacional"],"jetpack_publicize_connections":[],"jetpack_featured_media_url":"https:\/\/noticiasveracruz.com\/wp-content\/uploads\/2025\/03\/DEA.jpg","jetpack_sharing_enabled":true,"publishpress_future_action":{"enabled":false,"date":"2026-05-08 02:20:24","action":"change-status","newStatus":"draft","terms":[],"taxonomy":"category","extraData":[]},"publishpress_future_workflow_manual_trigger":{"enabledWorkflows":[]},"_links":{"self":[{"href":"https:\/\/noticiasveracruz.com\/index.php\/wp-json\/wp\/v2\/posts\/53246","targetHints":{"allow":["GET"]}}],"collection":[{"href":"https:\/\/noticiasveracruz.com\/index.php\/wp-json\/wp\/v2\/posts"}],"about":[{"href":"https:\/\/noticiasveracruz.com\/index.php\/wp-json\/wp\/v2\/types\/post"}],"author":[{"embeddable":true,"href":"https:\/\/noticiasveracruz.com\/index.php\/wp-json\/wp\/v2\/users\/4"}],"replies":[{"embeddable":true,"href":"https:\/\/noticiasveracruz.com\/index.php\/wp-json\/wp\/v2\/comments?post=53246"}],"version-history":[{"count":0,"href":"https:\/\/noticiasveracruz.com\/index.php\/wp-json\/wp\/v2\/posts\/53246\/revisions"}],"wp:featuredmedia":[{"embeddable":true,"href":"https:\/\/noticiasveracruz.com\/index.php\/wp-json\/wp\/v2\/media\/53247"}],"wp:attachment":[{"href":"https:\/\/noticiasveracruz.com\/index.php\/wp-json\/wp\/v2\/media?parent=53246"}],"wp:term":[{"taxonomy":"category","embeddable":true,"href":"https:\/\/noticiasveracruz.com\/index.php\/wp-json\/wp\/v2\/categories?post=53246"},{"taxonomy":"post_tag","embeddable":true,"href":"https:\/\/noticiasveracruz.com\/index.php\/wp-json\/wp\/v2\/tags?post=53246"}],"curies":[{"name":"wp","href":"https:\/\/api.w.org\/{rel}","templated":true}]}}