{"id":53231,"date":"2025-03-27T00:15:09","date_gmt":"2025-03-27T06:15:09","guid":{"rendered":"https:\/\/noticiasveracruz.com\/?p=53231"},"modified":"2025-03-26T22:48:00","modified_gmt":"2025-03-27T04:48:00","slug":"altamente-contaminados-los-cinco-cuerpos-de-agua-de-cuautitlan-izcalli","status":"publish","type":"post","link":"https:\/\/noticiasveracruz.com\/index.php\/2025\/03\/27\/altamente-contaminados-los-cinco-cuerpos-de-agua-de-cuautitlan-izcalli\/","title":{"rendered":"Altamente contaminados los cinco cuerpos de agua de Cuautitl\u00e1n Izcalli"},"content":{"rendered":"<p>Ambientalistas y especialistas afirmaron que los cinco cuerpos de agua de este municipio: las lagunas de Axotl\u00e1n, La Piedad, Espejo de los Lirios, el R\u00edo Cuautitl\u00e1n y la presa Lago de Guadalupe, enfrentan descargas irregulares de aguas residuales, basura y contaminaci\u00f3n.<\/p>\n<p>Lo anterior lo mencionaron durante el foro del agua \u201cRecuperando nuestro patrimonio h\u00eddrico\u201d, en el los participantes expusieron perspectivas, estudios y experiencias sobre los lagos y lagunas de Cuautitl\u00e1n Izcalli.<\/p>\n<p>Sobre la laguna de Axotl\u00e1n, se\u00f1alaron que \u00e9sta ha enfrentado distintos intentos de apropiaci\u00f3n ilegal por particulares. Mientras la laguna de la Piedad recibe elevados vol\u00famenes de aguas residuales provenientes de Lomas de Cuautitl\u00e1n y sus tres plantas de tratamiento de aguas negras est\u00e1n sin operar.<\/p>\n<p>El lago de Guadalupe, segundo cuerpo de agua m\u00e1s importante del Valle de M\u00e9xico, se convirti\u00f3 en un basurero; los empleados de limpia retiran manualmente un volumen diario de tres toneladas y media. Adem\u00e1s, recibe numerosas descargas de aguas residuales procedentes de tres municipios.<\/p>\n<p>Entre los expositores estuvieron Fabiola Sosa, cient\u00edfica del movimiento por el rescate de la laguna de La Piedad; Emmanuel Heredia, de los amigos del R\u00edo Cuautitl\u00e1n; Arturo Robles Navarrete, del colectivo Prolago de los Lirios, as\u00ed como representantes de los defensores de la laguna de Axotl\u00e1n.<\/p>\n<p>Los ponentes coincidieron en la necesidad de continuar sumando esfuerzos no solo para concientizar a la poblaci\u00f3n en torno al tema h\u00eddrico, tambi\u00e9n para consolidar proyectos integrales de recuperaci\u00f3n de los cuerpos de agua para que, en un futuro sean eje central en la preservaci\u00f3n de la flora, la fauna y la sostenibilidad de la de la regi\u00f3n del Valle de M\u00e9xico.<\/p>\n","protected":false},"excerpt":{"rendered":"<p>Ambientalistas y especialistas afirmaron que los cinco cuerpos de agua de este municipio: las lagunas de Axotl\u00e1n, La Piedad, Espejo<\/p>\n","protected":false},"author":4,"featured_media":53232,"comment_status":"closed","ping_status":"closed","sticky":false,"template":"","format":"standard","meta":{"colormag_page_container_layout":"default_layout","colormag_page_sidebar_layout":"default_layout","_jetpack_memberships_contains_paid_content":false,"footnotes":"","jetpack_publicize_message":"","jetpack_publicize_feature_enabled":true,"jetpack_social_post_already_shared":true,"jetpack_social_options":{"image_generator_settings":{"template":"highway","default_image_id":0,"font":"","enabled":false},"version":2}},"categories":[145],"tags":[],"class_list":["post-53231","post","type-post","status-publish","format-standard","has-post-thumbnail","hentry","category-estados"],"jetpack_publicize_connections":[],"jetpack_featured_media_url":"https:\/\/noticiasveracruz.com\/wp-content\/uploads\/2025\/03\/CUAU.jpg","jetpack_sharing_enabled":true,"publishpress_future_action":{"enabled":false,"date":"2026-05-08 05:13:26","action":"change-status","newStatus":"draft","terms":[],"taxonomy":"category","extraData":[]},"publishpress_future_workflow_manual_trigger":{"enabledWorkflows":[]},"_links":{"self":[{"href":"https:\/\/noticiasveracruz.com\/index.php\/wp-json\/wp\/v2\/posts\/53231","targetHints":{"allow":["GET"]}}],"collection":[{"href":"https:\/\/noticiasveracruz.com\/index.php\/wp-json\/wp\/v2\/posts"}],"about":[{"href":"https:\/\/noticiasveracruz.com\/index.php\/wp-json\/wp\/v2\/types\/post"}],"author":[{"embeddable":true,"href":"https:\/\/noticiasveracruz.com\/index.php\/wp-json\/wp\/v2\/users\/4"}],"replies":[{"embeddable":true,"href":"https:\/\/noticiasveracruz.com\/index.php\/wp-json\/wp\/v2\/comments?post=53231"}],"version-history":[{"count":0,"href":"https:\/\/noticiasveracruz.com\/index.php\/wp-json\/wp\/v2\/posts\/53231\/revisions"}],"wp:featuredmedia":[{"embeddable":true,"href":"https:\/\/noticiasveracruz.com\/index.php\/wp-json\/wp\/v2\/media\/53232"}],"wp:attachment":[{"href":"https:\/\/noticiasveracruz.com\/index.php\/wp-json\/wp\/v2\/media?parent=53231"}],"wp:term":[{"taxonomy":"category","embeddable":true,"href":"https:\/\/noticiasveracruz.com\/index.php\/wp-json\/wp\/v2\/categories?post=53231"},{"taxonomy":"post_tag","embeddable":true,"href":"https:\/\/noticiasveracruz.com\/index.php\/wp-json\/wp\/v2\/tags?post=53231"}],"curies":[{"name":"wp","href":"https:\/\/api.w.org\/{rel}","templated":true}]}}