{"id":53228,"date":"2025-03-27T00:14:16","date_gmt":"2025-03-27T06:14:16","guid":{"rendered":"https:\/\/noticiasveracruz.com\/?p=53228"},"modified":"2025-03-26T22:46:06","modified_gmt":"2025-03-27T04:46:06","slug":"fiscalia-de-jalisco-realizara-pesquisa-paralela-a-fgr-en-rancho-izaguirre","status":"publish","type":"post","link":"https:\/\/noticiasveracruz.com\/index.php\/2025\/03\/27\/fiscalia-de-jalisco-realizara-pesquisa-paralela-a-fgr-en-rancho-izaguirre\/","title":{"rendered":"Fiscal\u00eda de Jalisco realizar\u00e1 pesquisa paralela a FGR en rancho Izaguirre"},"content":{"rendered":"<p>El gobernador Pablo Lemus dijo que aunque la Fiscal\u00eda General de la Rep\u00fablica (FGR) atrajo las investigaciones sobre el rancho Izaguirre, en Teuchitl\u00e1n, y tiene bajo su posesi\u00f3n ese predio, la Fiscal\u00eda del Estado (FEJ) continuar\u00e1 de forma paralela realizando pesquisas y no se dar\u00e1 \u201ccarpetazo\u201d al objetivo central que es llegar a la verdad en conjunto con el gobierno federal.<\/p>\n<p>Afirm\u00f3 que ha encontrado en la presidenta Claudia Sheinbaum una mujer comprometida \u201ccompletamente con la verdad\u201d al igual que el gabinete de seguridad federal, una convicci\u00f3n que \u00e9l comparte y por tanto el gobierno estatal mantendr\u00e1 abiertas las carpetas de investigaci\u00f3n para deslindar responsabilidades y coadyuvar en las pesquisas, evitando \u201ctintes pol\u00edticos o partidistas\u201d.<\/p>\n<div id=\"article-content-tts\" class=\"nota-contenido mb-5\">\n<div id=\"content_nitf\">\n<p>Inform\u00f3 que este mi\u00e9rcoles acudieron al rancho Izaguirre peritos de la FEJ para compartir la informaci\u00f3n que han recabado, pero evit\u00f3 hablar de las omisiones de la Fiscal\u00eda de Jalisco puestas en evidencia por el colectivo Guerreros Buscadores que encontr\u00f3 fragmentos \u00f3seos calcinados, prendas, zapatos y enseres personales en el rancho el 5 de marzo, cuando el lugar hab\u00eda sido asegurado desde septiembre.<\/p>\n<p>\u201cTodo eso (las omisiones) se va a dar a conocer por parte de la FGR y est\u00e1 ya en las carpetas de investigaci\u00f3n que el gobierno del estado entreg\u00f3\u201d, dijo.<\/p>\n<p>Respecto a sanciones o despidos en la FE como es el caso de la fiscal en Personas Desaparecidas, Blanca Jacqueline Trujillo Cuevas -quien tiene m\u00e1s de 6 a\u00f1os en el cargo-, dijo que existe un acuerdo con los colectivos para que ella se quede en el cargo el tiempo que dure el Poder Legislativo en aprobar una reforma para crear la Fiscal\u00eda Aut\u00f3noma en Materia de Desaparici\u00f3n, propuesta hecha por la agrupaci\u00f3n Luz de Esperanza.<\/p>\n<p>Cuestionado sobre los se\u00f1alamientos que el titular de la FGR, Alejandro Gertz Manero, ha hecho respecto a las deficiencias en las investigaciones desde que el rancho fue asegurado, Lemus dijo que no es momento de repartir culpas ni caer en una \u201cguerra de declaraciones\u201d, sino de dar resultados y decir la verdad.<\/p>\n<\/div>\n<\/div>\n<div class=\"notas-relacionadas\"><\/div>\n<div class=\"nota-tags\"><\/div>\n","protected":false},"excerpt":{"rendered":"<p>El gobernador Pablo Lemus dijo que aunque la Fiscal\u00eda General de la Rep\u00fablica (FGR) atrajo las investigaciones sobre el rancho<\/p>\n","protected":false},"author":4,"featured_media":53229,"comment_status":"closed","ping_status":"closed","sticky":false,"template":"","format":"standard","meta":{"colormag_page_container_layout":"default_layout","colormag_page_sidebar_layout":"default_layout","_jetpack_memberships_contains_paid_content":false,"footnotes":"","jetpack_publicize_message":"","jetpack_publicize_feature_enabled":true,"jetpack_social_post_already_shared":true,"jetpack_social_options":{"image_generator_settings":{"template":"highway","default_image_id":0,"font":"","enabled":false},"version":2}},"categories":[145],"tags":[],"class_list":["post-53228","post","type-post","status-publish","format-standard","has-post-thumbnail","hentry","category-estados"],"jetpack_publicize_connections":[],"jetpack_featured_media_url":"https:\/\/noticiasveracruz.com\/wp-content\/uploads\/2025\/03\/LEM.jpg","jetpack_sharing_enabled":true,"publishpress_future_action":{"enabled":false,"date":"2026-05-08 05:56:25","action":"change-status","newStatus":"draft","terms":[],"taxonomy":"category","extraData":[]},"publishpress_future_workflow_manual_trigger":{"enabledWorkflows":[]},"_links":{"self":[{"href":"https:\/\/noticiasveracruz.com\/index.php\/wp-json\/wp\/v2\/posts\/53228","targetHints":{"allow":["GET"]}}],"collection":[{"href":"https:\/\/noticiasveracruz.com\/index.php\/wp-json\/wp\/v2\/posts"}],"about":[{"href":"https:\/\/noticiasveracruz.com\/index.php\/wp-json\/wp\/v2\/types\/post"}],"author":[{"embeddable":true,"href":"https:\/\/noticiasveracruz.com\/index.php\/wp-json\/wp\/v2\/users\/4"}],"replies":[{"embeddable":true,"href":"https:\/\/noticiasveracruz.com\/index.php\/wp-json\/wp\/v2\/comments?post=53228"}],"version-history":[{"count":0,"href":"https:\/\/noticiasveracruz.com\/index.php\/wp-json\/wp\/v2\/posts\/53228\/revisions"}],"wp:featuredmedia":[{"embeddable":true,"href":"https:\/\/noticiasveracruz.com\/index.php\/wp-json\/wp\/v2\/media\/53229"}],"wp:attachment":[{"href":"https:\/\/noticiasveracruz.com\/index.php\/wp-json\/wp\/v2\/media?parent=53228"}],"wp:term":[{"taxonomy":"category","embeddable":true,"href":"https:\/\/noticiasveracruz.com\/index.php\/wp-json\/wp\/v2\/categories?post=53228"},{"taxonomy":"post_tag","embeddable":true,"href":"https:\/\/noticiasveracruz.com\/index.php\/wp-json\/wp\/v2\/tags?post=53228"}],"curies":[{"name":"wp","href":"https:\/\/api.w.org\/{rel}","templated":true}]}}