{"id":53225,"date":"2025-03-27T00:13:22","date_gmt":"2025-03-27T06:13:22","guid":{"rendered":"https:\/\/noticiasveracruz.com\/?p=53225"},"modified":"2025-03-26T22:41:26","modified_gmt":"2025-03-27T04:41:26","slug":"rinde-ultimo-informe-de-gobierno-rector-de-la-udeg","status":"publish","type":"post","link":"https:\/\/noticiasveracruz.com\/index.php\/2025\/03\/27\/rinde-ultimo-informe-de-gobierno-rector-de-la-udeg\/","title":{"rendered":"Rinde \u00faltimo informe de gobierno rector de la UdeG"},"content":{"rendered":"<p>El rector de la Universidad de Guadalajara, Ricardo Villanueva Lomel\u00ed present\u00f3 su \u00faltimo informe en un largo acto realizado en el Auditorio Telmex, en el cual enfatiz\u00f3 varios de sus mayores logros como la admisi\u00f3n total de los aspirantes a bachillerato, el aumento de la matr\u00edcula en general al pasar de 287 mil a 339 mil estudiantes en seis a\u00f1os, la construcci\u00f3n de nuevas preparatorias, campus universitarios, el hospital civil en Tonal\u00e1 y la obtenci\u00f3n de un presupuesto constitucional que compromete el 5 por ciento del presupuesto anual del gobierno de Jalisco para la casa de estudios.<\/p>\n<p>En un espectacular escenario lleno de luces, proyecciones, videos y abarrotado por miles de invitados entre ellos la rectora electa Karla Planter -quien asumir\u00e1 el 1 de abril- y el gobernador Pablo Lemus, Lomel\u00ed record\u00f3 que en su administraci\u00f3n ocurri\u00f3 de todo incluidos momentos dif\u00edciles.<\/p>\n<p>Destac\u00f3 el caso de la pandemia que oblig\u00f3 a replantear los m\u00e9todos de ense\u00f1anza y el compromiso social de la universidad, o bien las m\u00e1s de 100 marchas que se realizaron para defender la independencia universitaria ante los embates del ex gobernador Enrique Alfaro, de quien se abstuvo de mencionarlo por su nombre.<\/p>\n<p>Dijo que en su sexenio se realizaron 2 mil 535 obras en las escuelas, 508 aulas y la conclusi\u00f3n de 178 muros perimetrales, la apertura de seis nuevas preparatorias y cuatro nuevos centros universitarios, adem\u00e1s de nuevas licenciaturas en campus renovados como el Centro Universitario de Guadalajara.<\/p>\n<p>Durante su rectorado se duplic\u00f3 la cantidad de investigadores miembros del Sistema Nacional de Investigadoras e Investigadores, al pasar de mil 291 en 2018 a 2 mil 136 en 2025, lo que representa un crecimiento de 65 por ciento.<\/p>\n<p>En temas de igualdad y perspectiva de g\u00e9nero, dijo que durante esta administraci\u00f3n, y despu\u00e9s de casi 200 a\u00f1os, la UdeG emiti\u00f3 t\u00edtulos con el g\u00e9nero femenino para que licenciadas e ingenieras puedan ser nombradas de manera correcta.<\/p>\n<p>\u201cTampoco podr\u00eda estar m\u00e1s orgulloso de saber que durante mi administraci\u00f3n lleg\u00f3 la primera presidenta de la historia en la Federaci\u00f3n Estudiantil Universitaria, con Zo\u00e9 Garc\u00eda y el gran trabajo que est\u00e1 haciendo al frente de la organizaci\u00f3n. Y al mismo tiempo, el Consejo General Universitario eligi\u00f3 a la primera rectora general de la historia de nuestra universidad, Karla Planter P\u00e9rez\u201d, comparti\u00f3.<\/p>\n<p>Tampoco falt\u00f3 la remembranza de quien por casi 35 a\u00f1os fue el l\u00edder pol\u00edtico de la UdeG, Ra\u00fal Padilla L\u00f3pez, quien est\u00e1 por cumplir dos a\u00f1os que muri\u00f3,\u00a0 a quien calific\u00f3 como \u201cun \u00e1rbol grande y fuerte, cada \u00e1rbol se conoce por sus frutos y Ra\u00fal Padilla dio much\u00edsimos frutos para esta universidad\u201d.<\/p>\n<p>En su mensaje, el gobernador Lemus Navarro, \u00fanico que tom\u00f3 la palabra adem\u00e1s de Villanueva, calific\u00f3 a Villanueva Lomel\u00ed como un \u201crector valiente\u201d que supo defender a la UdeG en los momentos dif\u00edciles por los que pas\u00f3.<\/p>\n","protected":false},"excerpt":{"rendered":"<p>El rector de la Universidad de Guadalajara, Ricardo Villanueva Lomel\u00ed present\u00f3 su \u00faltimo informe en un largo acto realizado en<\/p>\n","protected":false},"author":4,"featured_media":53226,"comment_status":"closed","ping_status":"closed","sticky":false,"template":"","format":"standard","meta":{"colormag_page_container_layout":"default_layout","colormag_page_sidebar_layout":"default_layout","_jetpack_memberships_contains_paid_content":false,"footnotes":"","jetpack_publicize_message":"","jetpack_publicize_feature_enabled":true,"jetpack_social_post_already_shared":true,"jetpack_social_options":{"image_generator_settings":{"template":"highway","default_image_id":0,"font":"","enabled":false},"version":2}},"categories":[145],"tags":[],"class_list":["post-53225","post","type-post","status-publish","format-standard","has-post-thumbnail","hentry","category-estados"],"jetpack_publicize_connections":[],"jetpack_featured_media_url":"https:\/\/noticiasveracruz.com\/wp-content\/uploads\/2025\/03\/UDG.jpg","jetpack_sharing_enabled":true,"publishpress_future_action":{"enabled":false,"date":"2026-05-08 05:15:54","action":"change-status","newStatus":"draft","terms":[],"taxonomy":"category","extraData":[]},"publishpress_future_workflow_manual_trigger":{"enabledWorkflows":[]},"_links":{"self":[{"href":"https:\/\/noticiasveracruz.com\/index.php\/wp-json\/wp\/v2\/posts\/53225","targetHints":{"allow":["GET"]}}],"collection":[{"href":"https:\/\/noticiasveracruz.com\/index.php\/wp-json\/wp\/v2\/posts"}],"about":[{"href":"https:\/\/noticiasveracruz.com\/index.php\/wp-json\/wp\/v2\/types\/post"}],"author":[{"embeddable":true,"href":"https:\/\/noticiasveracruz.com\/index.php\/wp-json\/wp\/v2\/users\/4"}],"replies":[{"embeddable":true,"href":"https:\/\/noticiasveracruz.com\/index.php\/wp-json\/wp\/v2\/comments?post=53225"}],"version-history":[{"count":0,"href":"https:\/\/noticiasveracruz.com\/index.php\/wp-json\/wp\/v2\/posts\/53225\/revisions"}],"wp:featuredmedia":[{"embeddable":true,"href":"https:\/\/noticiasveracruz.com\/index.php\/wp-json\/wp\/v2\/media\/53226"}],"wp:attachment":[{"href":"https:\/\/noticiasveracruz.com\/index.php\/wp-json\/wp\/v2\/media?parent=53225"}],"wp:term":[{"taxonomy":"category","embeddable":true,"href":"https:\/\/noticiasveracruz.com\/index.php\/wp-json\/wp\/v2\/categories?post=53225"},{"taxonomy":"post_tag","embeddable":true,"href":"https:\/\/noticiasveracruz.com\/index.php\/wp-json\/wp\/v2\/tags?post=53225"}],"curies":[{"name":"wp","href":"https:\/\/api.w.org\/{rel}","templated":true}]}}