{"id":53222,"date":"2025-03-27T00:12:43","date_gmt":"2025-03-27T06:12:43","guid":{"rendered":"https:\/\/noticiasveracruz.com\/?p=53222"},"modified":"2025-03-26T22:38:46","modified_gmt":"2025-03-27T04:38:46","slug":"los-aranceles-son-un-ataque-directo-canada","status":"publish","type":"post","link":"https:\/\/noticiasveracruz.com\/index.php\/2025\/03\/27\/los-aranceles-son-un-ataque-directo-canada\/","title":{"rendered":"Los aranceles son un ataque directo: Canad\u00e1"},"content":{"rendered":"<p class=\"nota-justify\">La decisi\u00f3n del gobierno de Estados Unidos de imponer aranceles de 25 por ciento a las importaciones de autom\u00f3viles es un \u201cataque directo\u201d a los trabajadores canadienses, declar\u00f3 el mi\u00e9rcoles el primer ministro de Canad\u00e1, Mark Carney.<\/p>\n<p class=\"nota-justify\">\u201cEstos aranceles contra nuestra industria automotriz son un ataque directo a los trabajadores canadienses\u201d, declar\u00f3 a la prensa Carney, al tiempo que acus\u00f3 al presidente estadunidense, Donald Trump, de \u201ctraicionar nuestro acuerdo comercial\u201d, el T-MEC.<\/p>\n<p class=\"nota-justify\">En el mismo sentido, la presidenta de la Comisi\u00f3n Europea, Ursula von der Leyen, lament\u00f3 \u201cprofundamente\u201d la decisi\u00f3n de Estados Unidos.<\/p>\n<p class=\"nota-justify\">La Uni\u00f3n Europea (UE) \u201cseguir\u00e1 buscando soluciones negociadas\u201d con Estados Unidos, a\u00f1adi\u00f3 la funcionaria en un comunicado.<\/p>\n<p class=\"nota-justify\">Adem\u00e1s dijo que la UE evaluar\u00e1 el anuncio junto a las dem\u00e1s medidas planteadas por Washington en los pr\u00f3ximos d\u00edas. \u201cComo ya dije, los aranceles son impuestos, malos para los negocios, peores para los consumidores, tanto en Estados Unidos como en la Uni\u00f3n Europea\u201d, expres\u00f3.<\/p>\n<p class=\"nota-justify\">El pasado jueves la Comisi\u00f3n anunci\u00f3 que retrasar\u00eda dos semanas, hasta mediados de abril, la entrada en vigor de sus contramedidas dirigidas a productos estadunidenses en respuesta a los aranceles de 25 por ciento decididos por Trump sobre el acero y el aluminio, con el fin de dar m\u00e1s tiempo a una soluci\u00f3n negociada.<\/p>\n<p class=\"nota-justify\">El mi\u00e9rcoles antes del anuncio de Trump, el gobierno de Alemania rechaz\u00f3 los llamados a un boicot de los productos estadunidenses pese a los desacuerdos sobre los aranceles, argumentando que la mayor econom\u00eda de Europa quiere fomentar las buenas relaciones comerciales.<\/p>\n<p class=\"nota-justify\">\u201cEl gobierno alem\u00e1n est\u00e1 interesado en mantener buenas relaciones y tambi\u00e9n buenas relaciones comerciales con Estados Unidos. Estamos haciendo todo lo posible para conseguirlo\u201d, dijo a la prensa el portavoz del gobierno, Steffen Hebestreit.<\/p>\n<p class=\"nota-justify\">\u201cNo necesitamos m\u00e1s barreras comerciales, necesitamos menos\u201d, se\u00f1al\u00f3, a\u00f1adiendo que \u201cen este sentido, no estamos de acuerdo con tales demandas\u201d.<\/p>\n","protected":false},"excerpt":{"rendered":"<p>La decisi\u00f3n del gobierno de Estados Unidos de imponer aranceles de 25 por ciento a las importaciones de autom\u00f3viles es<\/p>\n","protected":false},"author":4,"featured_media":53223,"comment_status":"closed","ping_status":"closed","sticky":false,"template":"","format":"standard","meta":{"colormag_page_container_layout":"default_layout","colormag_page_sidebar_layout":"default_layout","_jetpack_memberships_contains_paid_content":false,"footnotes":"","jetpack_publicize_message":"","jetpack_publicize_feature_enabled":true,"jetpack_social_post_already_shared":true,"jetpack_social_options":{"image_generator_settings":{"template":"highway","default_image_id":0,"font":"","enabled":false},"version":2}},"categories":[1947],"tags":[],"class_list":["post-53222","post","type-post","status-publish","format-standard","has-post-thumbnail","hentry","category-economia"],"jetpack_publicize_connections":[],"jetpack_featured_media_url":"https:\/\/noticiasveracruz.com\/wp-content\/uploads\/2025\/03\/ATA.jpg","jetpack_sharing_enabled":true,"publishpress_future_action":{"enabled":false,"date":"2026-05-08 03:27:37","action":"change-status","newStatus":"draft","terms":[],"taxonomy":"category","extraData":[]},"publishpress_future_workflow_manual_trigger":{"enabledWorkflows":[]},"_links":{"self":[{"href":"https:\/\/noticiasveracruz.com\/index.php\/wp-json\/wp\/v2\/posts\/53222","targetHints":{"allow":["GET"]}}],"collection":[{"href":"https:\/\/noticiasveracruz.com\/index.php\/wp-json\/wp\/v2\/posts"}],"about":[{"href":"https:\/\/noticiasveracruz.com\/index.php\/wp-json\/wp\/v2\/types\/post"}],"author":[{"embeddable":true,"href":"https:\/\/noticiasveracruz.com\/index.php\/wp-json\/wp\/v2\/users\/4"}],"replies":[{"embeddable":true,"href":"https:\/\/noticiasveracruz.com\/index.php\/wp-json\/wp\/v2\/comments?post=53222"}],"version-history":[{"count":0,"href":"https:\/\/noticiasveracruz.com\/index.php\/wp-json\/wp\/v2\/posts\/53222\/revisions"}],"wp:featuredmedia":[{"embeddable":true,"href":"https:\/\/noticiasveracruz.com\/index.php\/wp-json\/wp\/v2\/media\/53223"}],"wp:attachment":[{"href":"https:\/\/noticiasveracruz.com\/index.php\/wp-json\/wp\/v2\/media?parent=53222"}],"wp:term":[{"taxonomy":"category","embeddable":true,"href":"https:\/\/noticiasveracruz.com\/index.php\/wp-json\/wp\/v2\/categories?post=53222"},{"taxonomy":"post_tag","embeddable":true,"href":"https:\/\/noticiasveracruz.com\/index.php\/wp-json\/wp\/v2\/tags?post=53222"}],"curies":[{"name":"wp","href":"https:\/\/api.w.org\/{rel}","templated":true}]}}