{"id":53219,"date":"2025-03-27T00:11:49","date_gmt":"2025-03-27T06:11:49","guid":{"rendered":"https:\/\/noticiasveracruz.com\/?p=53219"},"modified":"2025-03-26T22:36:47","modified_gmt":"2025-03-27T04:36:47","slug":"socios-del-bid-comprometidos-con-la-region-asegura-el-organismo","status":"publish","type":"post","link":"https:\/\/noticiasveracruz.com\/index.php\/2025\/03\/27\/socios-del-bid-comprometidos-con-la-region-asegura-el-organismo\/","title":{"rendered":"Socios del BID, comprometidos con la regi\u00f3n, asegura el organismo"},"content":{"rendered":"<p class=\"nota-justify\">Con la promesa de aumentar en 2030 a 38 mil millones de d\u00f3lares anuales -13 mil millones m\u00e1s que en el presente- las inversiones que a\u00f1o a a\u00f1o gestiona en Am\u00e9rica Latina, el Banco Interamericano de Desarrollo (BID) comenz\u00f3 en la capital chilena la 65\u00b0 asamblea anual de gobernadores de esa instituci\u00f3n, que concluir\u00e1 el viernes.<\/p>\n<p class=\"nota-justify\">El organismo ponder\u00f3 que sus 48 pa\u00edses miembros, tambi\u00e9n Estados Unidos, est\u00e1n \u201ccomprometidos con la regi\u00f3n\u201d. As\u00ed lo resalt\u00f3 su presidente, el brasile\u00f1o Ilan Goldfajn.<\/p>\n<p class=\"nota-justify\">Con 30 por ciento de participaci\u00f3n accionaria, Estados Unidos es el principal aportante de capital, pero si bien Estados Unidos fue clave para la creaci\u00f3n del BID en 1959, hoy en d\u00eda, con la ruptura de la administraci\u00f3n de Donald Trump con el multilateralismo, todo est\u00e1 en veremos.<\/p>\n<p class=\"nota-justify\">\u201cEstamos ac\u00e1 todos comprometidos con la regi\u00f3n, comprometidos con asuntos que nos unen, la regi\u00f3n tiene aspectos y temas que nos interesan a todos\u201d, dijo Goldfajn al lanzar el c\u00f3nclave, en el cual participan decenas de inversores privados que atisban oportunidades de negocios.<\/p>\n<p class=\"nota-justify\">\u201cEstamos en el mundo dici\u00e9ndole a los inversionistas que entren en Latinoam\u00e9rica, que nosotros somos el puente porque damos la garant\u00eda de que es un buen proyecto. Queremos ser un banco que tenga una presencia mayor tanto en escala como en impacto\u201d, declar\u00f3.<\/p>\n<p class=\"nota-justify\">El dirigente tambi\u00e9n acentu\u00f3 que la regi\u00f3n latinoamericana \u201ces una de las m\u00e1s desiguales del mundo y el BID es de las instituciones m\u00e1s poderosas, en el sentido de poder cambiar la realidad. No es una instituci\u00f3n pol\u00edtica en el sentido de que est\u00e1 comprometida con un gobierno, sino con el Estado\u201d.<\/p>\n<p class=\"nota-justify\">En la reuni\u00f3n participan hasta 4 mil personas entre funcionarios gubernamentales, banqueros e inversores, delegados de organismos multilaterales, acad\u00e9micos e incluso representantes de organizaciones de la sociedad civil. La cita tiene lugar en la antiqu\u00edsima Estaci\u00f3n Mapocho de la capital chilena, desde la cual hasta la d\u00e9cada de 1970 iniciaban viaje y arribaban trenes desde el norte del pa\u00eds, y que hoy en d\u00eda ha sido reconvertida en un centro cultural.<\/p>\n<p class=\"nota-justify\">Desde M\u00e9xico, la delegaci\u00f3n oficial la lidera la titular de la unidad de Cr\u00e9dito P\u00fablico de la Secretar\u00eda de Hacienda, Maricarmen Bonilla.<\/p>\n<p class=\"nota-justify\">Al inaugurar la reuni\u00f3n, el presidente del BID dijo que la organizaci\u00f3n quiere ser un articulador de la llegada de inversores a Am\u00e9rica Latina y tambi\u00e9n defini\u00f3 como \u201cvitales\u201d para impulsar la gesti\u00f3n a las organizaciones no gubernamentales (ONGs). \u00c9stas son otras de las v\u00edctimas del discurso\u00a0<i>\u201ctrumpista\u201d;\u00a0<\/i>a muchas<i>\u00a0<\/i>se les est\u00e1 eliminando el financiamiento que reciben de la Agencia de los Estados Unidos para el Desarrollo Internacional (USAID).<\/p>\n<p class=\"nota-justify\">\u201cSon una parte esencial de nuestro trabajo, proyecto y estrategias y nuestra forma de operar como instituci\u00f3n, no se trata de una simple formalidad\u201d, asegur\u00f3.<\/p>\n<p class=\"nota-justify\">Mientras que la vicepresidenta de Pa\u00edses e Integraci\u00f3n Regional, la costarricense Anabel Gonz\u00e1lez, ahond\u00f3 que \u201clos cambios ocurren a trav\u00e9s de la colaboraci\u00f3n, por eso es importante incluir a las organizaciones de la sociedad civil, fortalecen la transparencia y la rendici\u00f3n de cuentas y son importantes porque generan confianza p\u00fablica\u201d.<\/p>\n<p class=\"nota-justify\">En los pr\u00f3ximos d\u00edas habr\u00e1 seminarios que versar\u00e1n acerca de seguridad ciudadana, pobreza y resiliencia frente a los desastres naturales.<\/p>\n","protected":false},"excerpt":{"rendered":"<p>Con la promesa de aumentar en 2030 a 38 mil millones de d\u00f3lares anuales -13 mil millones m\u00e1s que en<\/p>\n","protected":false},"author":4,"featured_media":53220,"comment_status":"closed","ping_status":"closed","sticky":false,"template":"","format":"standard","meta":{"colormag_page_container_layout":"default_layout","colormag_page_sidebar_layout":"default_layout","_jetpack_memberships_contains_paid_content":false,"footnotes":"","jetpack_publicize_message":"","jetpack_publicize_feature_enabled":true,"jetpack_social_post_already_shared":true,"jetpack_social_options":{"image_generator_settings":{"template":"highway","default_image_id":0,"font":"","enabled":false},"version":2}},"categories":[1947],"tags":[],"class_list":["post-53219","post","type-post","status-publish","format-standard","has-post-thumbnail","hentry","category-economia"],"jetpack_publicize_connections":[],"jetpack_featured_media_url":"https:\/\/noticiasveracruz.com\/wp-content\/uploads\/2025\/03\/BI.jpg","jetpack_sharing_enabled":true,"publishpress_future_action":{"enabled":false,"date":"2026-05-08 03:28:02","action":"change-status","newStatus":"draft","terms":[],"taxonomy":"category","extraData":[]},"publishpress_future_workflow_manual_trigger":{"enabledWorkflows":[]},"_links":{"self":[{"href":"https:\/\/noticiasveracruz.com\/index.php\/wp-json\/wp\/v2\/posts\/53219","targetHints":{"allow":["GET"]}}],"collection":[{"href":"https:\/\/noticiasveracruz.com\/index.php\/wp-json\/wp\/v2\/posts"}],"about":[{"href":"https:\/\/noticiasveracruz.com\/index.php\/wp-json\/wp\/v2\/types\/post"}],"author":[{"embeddable":true,"href":"https:\/\/noticiasveracruz.com\/index.php\/wp-json\/wp\/v2\/users\/4"}],"replies":[{"embeddable":true,"href":"https:\/\/noticiasveracruz.com\/index.php\/wp-json\/wp\/v2\/comments?post=53219"}],"version-history":[{"count":0,"href":"https:\/\/noticiasveracruz.com\/index.php\/wp-json\/wp\/v2\/posts\/53219\/revisions"}],"wp:featuredmedia":[{"embeddable":true,"href":"https:\/\/noticiasveracruz.com\/index.php\/wp-json\/wp\/v2\/media\/53220"}],"wp:attachment":[{"href":"https:\/\/noticiasveracruz.com\/index.php\/wp-json\/wp\/v2\/media?parent=53219"}],"wp:term":[{"taxonomy":"category","embeddable":true,"href":"https:\/\/noticiasveracruz.com\/index.php\/wp-json\/wp\/v2\/categories?post=53219"},{"taxonomy":"post_tag","embeddable":true,"href":"https:\/\/noticiasveracruz.com\/index.php\/wp-json\/wp\/v2\/tags?post=53219"}],"curies":[{"name":"wp","href":"https:\/\/api.w.org\/{rel}","templated":true}]}}