{"id":53216,"date":"2025-03-27T00:10:57","date_gmt":"2025-03-27T06:10:57","guid":{"rendered":"https:\/\/noticiasveracruz.com\/?p=53216"},"modified":"2025-03-26T22:34:50","modified_gmt":"2025-03-27T04:34:50","slug":"autopartes-que-cumplan-con-t-mec-exentaran-aranceles-por-ahora-casa-blanca","status":"publish","type":"post","link":"https:\/\/noticiasveracruz.com\/index.php\/2025\/03\/27\/autopartes-que-cumplan-con-t-mec-exentaran-aranceles-por-ahora-casa-blanca\/","title":{"rendered":"Autopartes que cumplan con T-MEC exentar\u00e1n aranceles por ahora: Casa Blanca"},"content":{"rendered":"<p>Las autopartes que cumplan con el tratado de libre comercio entre Estados Unidos, M\u00e9xico y Canad\u00e1 estar\u00e1n exentas por ahora de los aranceles a las importaciones de autom\u00f3viles anunciados por el presidente Donald Trump el mi\u00e9rcoles, dijo un portavoz de la Casa Blanca.<\/p>\n<p>\u00abLas autopartes que cumplen con el T-MEC permanecer\u00e1n libres de aranceles hasta que el Secretario de Comercio, en consulta con la Oficina de Aduanas y Protecci\u00f3n Fronteriza de Estados Unidos (CBP), establezca un proceso para aplicar aranceles a su contenido no estadunidense\u00bb, dijo el subsecretario de prensa principal de la Casa Blanca, Harrison Fields, en X.<\/p>\n<p>&nbsp;<\/p>\n","protected":false},"excerpt":{"rendered":"<p>Las autopartes que cumplan con el tratado de libre comercio entre Estados Unidos, M\u00e9xico y Canad\u00e1 estar\u00e1n exentas por ahora<\/p>\n","protected":false},"author":4,"featured_media":53217,"comment_status":"closed","ping_status":"closed","sticky":false,"template":"","format":"standard","meta":{"colormag_page_container_layout":"default_layout","colormag_page_sidebar_layout":"default_layout","_jetpack_memberships_contains_paid_content":false,"footnotes":"","jetpack_publicize_message":"","jetpack_publicize_feature_enabled":true,"jetpack_social_post_already_shared":true,"jetpack_social_options":{"image_generator_settings":{"template":"highway","default_image_id":0,"font":"","enabled":false},"version":2}},"categories":[1947],"tags":[],"class_list":["post-53216","post","type-post","status-publish","format-standard","has-post-thumbnail","hentry","category-economia"],"jetpack_publicize_connections":[],"jetpack_featured_media_url":"https:\/\/noticiasveracruz.com\/wp-content\/uploads\/2025\/03\/AUTO.jpg","jetpack_sharing_enabled":true,"publishpress_future_action":{"enabled":false,"date":"2026-05-08 03:57:20","action":"change-status","newStatus":"draft","terms":[],"taxonomy":"category","extraData":[]},"publishpress_future_workflow_manual_trigger":{"enabledWorkflows":[]},"_links":{"self":[{"href":"https:\/\/noticiasveracruz.com\/index.php\/wp-json\/wp\/v2\/posts\/53216","targetHints":{"allow":["GET"]}}],"collection":[{"href":"https:\/\/noticiasveracruz.com\/index.php\/wp-json\/wp\/v2\/posts"}],"about":[{"href":"https:\/\/noticiasveracruz.com\/index.php\/wp-json\/wp\/v2\/types\/post"}],"author":[{"embeddable":true,"href":"https:\/\/noticiasveracruz.com\/index.php\/wp-json\/wp\/v2\/users\/4"}],"replies":[{"embeddable":true,"href":"https:\/\/noticiasveracruz.com\/index.php\/wp-json\/wp\/v2\/comments?post=53216"}],"version-history":[{"count":0,"href":"https:\/\/noticiasveracruz.com\/index.php\/wp-json\/wp\/v2\/posts\/53216\/revisions"}],"wp:featuredmedia":[{"embeddable":true,"href":"https:\/\/noticiasveracruz.com\/index.php\/wp-json\/wp\/v2\/media\/53217"}],"wp:attachment":[{"href":"https:\/\/noticiasveracruz.com\/index.php\/wp-json\/wp\/v2\/media?parent=53216"}],"wp:term":[{"taxonomy":"category","embeddable":true,"href":"https:\/\/noticiasveracruz.com\/index.php\/wp-json\/wp\/v2\/categories?post=53216"},{"taxonomy":"post_tag","embeddable":true,"href":"https:\/\/noticiasveracruz.com\/index.php\/wp-json\/wp\/v2\/tags?post=53216"}],"curies":[{"name":"wp","href":"https:\/\/api.w.org\/{rel}","templated":true}]}}