{"id":53213,"date":"2025-03-27T00:09:11","date_gmt":"2025-03-27T06:09:11","guid":{"rendered":"https:\/\/noticiasveracruz.com\/?p=53213"},"modified":"2025-03-26T22:33:11","modified_gmt":"2025-03-27T04:33:11","slug":"concluye-1a-jornada-de-dialogo-con-titulares-de-comercio-y-ustr-ebrard","status":"publish","type":"post","link":"https:\/\/noticiasveracruz.com\/index.php\/2025\/03\/27\/concluye-1a-jornada-de-dialogo-con-titulares-de-comercio-y-ustr-ebrard\/","title":{"rendered":"Concluye 1a jornada de di\u00e1logo con titulares de Comercio y USTR: Ebrard"},"content":{"rendered":"<p>El titular de Econom\u00eda, Marcelo Ebrard, inform\u00f3 que concluy\u00f3 una primera jornada de conversaciones con el secretario de Comercio de Estados Unidos, Howard Lutnick, y el titular de la USTR , Jamieson Greer. Regresa a M\u00e9xico para presentarse en la conferencia de prensa de la presidenta Claudia Sheinbaum.<\/p>\n<p>Esto luego de que, a horas de llegar a territorio estadunidense por quinta ocasi\u00f3n para negociar una posible salida a las presiones arancelarias de la administraci\u00f3n Trump, el mandatario estadunidense firm\u00f3 una orden ejecutiva que impone aranceles de 25 por ciento a todos los veh\u00edculos importados.<\/p>\n","protected":false},"excerpt":{"rendered":"<p>El titular de Econom\u00eda, Marcelo Ebrard, inform\u00f3 que concluy\u00f3 una primera jornada de conversaciones con el secretario de Comercio de<\/p>\n","protected":false},"author":4,"featured_media":53214,"comment_status":"closed","ping_status":"closed","sticky":false,"template":"","format":"standard","meta":{"colormag_page_container_layout":"default_layout","colormag_page_sidebar_layout":"default_layout","_jetpack_memberships_contains_paid_content":false,"footnotes":"","jetpack_publicize_message":"","jetpack_publicize_feature_enabled":true,"jetpack_social_post_already_shared":true,"jetpack_social_options":{"image_generator_settings":{"template":"highway","default_image_id":0,"font":"","enabled":false},"version":2}},"categories":[1947],"tags":[],"class_list":["post-53213","post","type-post","status-publish","format-standard","has-post-thumbnail","hentry","category-economia"],"jetpack_publicize_connections":[],"jetpack_featured_media_url":"https:\/\/noticiasveracruz.com\/wp-content\/uploads\/2025\/03\/big_2m9te.png","jetpack_sharing_enabled":true,"publishpress_future_action":{"enabled":false,"date":"2026-05-08 04:31:30","action":"change-status","newStatus":"draft","terms":[],"taxonomy":"category","extraData":[]},"publishpress_future_workflow_manual_trigger":{"enabledWorkflows":[]},"_links":{"self":[{"href":"https:\/\/noticiasveracruz.com\/index.php\/wp-json\/wp\/v2\/posts\/53213","targetHints":{"allow":["GET"]}}],"collection":[{"href":"https:\/\/noticiasveracruz.com\/index.php\/wp-json\/wp\/v2\/posts"}],"about":[{"href":"https:\/\/noticiasveracruz.com\/index.php\/wp-json\/wp\/v2\/types\/post"}],"author":[{"embeddable":true,"href":"https:\/\/noticiasveracruz.com\/index.php\/wp-json\/wp\/v2\/users\/4"}],"replies":[{"embeddable":true,"href":"https:\/\/noticiasveracruz.com\/index.php\/wp-json\/wp\/v2\/comments?post=53213"}],"version-history":[{"count":0,"href":"https:\/\/noticiasveracruz.com\/index.php\/wp-json\/wp\/v2\/posts\/53213\/revisions"}],"wp:featuredmedia":[{"embeddable":true,"href":"https:\/\/noticiasveracruz.com\/index.php\/wp-json\/wp\/v2\/media\/53214"}],"wp:attachment":[{"href":"https:\/\/noticiasveracruz.com\/index.php\/wp-json\/wp\/v2\/media?parent=53213"}],"wp:term":[{"taxonomy":"category","embeddable":true,"href":"https:\/\/noticiasveracruz.com\/index.php\/wp-json\/wp\/v2\/categories?post=53213"},{"taxonomy":"post_tag","embeddable":true,"href":"https:\/\/noticiasveracruz.com\/index.php\/wp-json\/wp\/v2\/tags?post=53213"}],"curies":[{"name":"wp","href":"https:\/\/api.w.org\/{rel}","templated":true}]}}